{"id":11265,"date":"2024-07-15T16:00:47","date_gmt":"2024-07-15T14:00:47","guid":{"rendered":"https:\/\/www.matriciel.be\/?p=11265"},"modified":"2024-07-11T12:59:51","modified_gmt":"2024-07-11T10:59:51","slug":"conge2024","status":"publish","type":"post","link":"https:\/\/www.matriciel.be\/en\/conge2024\/","title":{"rendered":"MATRIciel est en cong\u00e9"},"content":{"rendered":"<p>Nos bureaux seront ferm\u00e9s du 22 juillet au 2 ao\u00fbt inclus.<\/p>\n<p>&nbsp;<\/p>\n<p>Nous vous retrouverons avec plaisir apr\u00e8s cette p\u00e9riode de fermeture et vous souhaitons de bonnes vacances !<\/p>\n","protected":false},"excerpt":{"rendered":"<p>Nos bureaux seront ferm\u00e9s du 22 juillet au 2 ao\u00fbt inclus. &nbsp; Nous vous retrouverons avec plaisir apr\u00e8s cette p\u00e9riode de fermeture et vous souhaitons de bonnes vacances !<\/p>\n","protected":false},"author":5,"featured_media":21095,"comment_status":"closed","ping_status":"closed","sticky":false,"template":"","format":"standard","meta":{"_jetpack_memberships_contains_paid_content":false,"footnotes":""},"categories":[54],"tags":[],"class_list":["post-11265","post","type-post","status-publish","format-standard","has-post-thumbnail","hentry","category-lequipe","category-54","description-off"],"yoast_head":"<!-- This site is optimized with the Yoast SEO plugin v27.5 - https:\/\/yoast.com\/product\/yoast-seo-wordpress\/ -->\n<title>MATRIciel est en cong\u00e9 - MATRIciel<\/title>\n<meta name=\"description\" content=\"Fermeture de MATRIciel, bureau d&#039;\u00e9tudes en \u00e9nergie, environnement et techniques sp\u00e9ciales - Et\u00e9 2023 - Retrouvez-nous en 31 juillet !\" \/>\n<meta name=\"robots\" content=\"index, follow, max-snippet:-1, max-image-preview:large, max-video-preview:-1\" \/>\n<link rel=\"canonical\" href=\"https:\/\/www.matriciel.be\/conge2024\/\" \/>\n<meta property=\"og:locale\" content=\"en_US\" \/>\n<meta property=\"og:type\" content=\"article\" \/>\n<meta property=\"og:title\" content=\"MATRIciel est en cong\u00e9 - MATRIciel\" \/>\n<meta property=\"og:description\" content=\"Fermeture de MATRIciel, bureau d&#039;\u00e9tudes en \u00e9nergie, environnement et techniques sp\u00e9ciales - Et\u00e9 2023 - Retrouvez-nous en 31 juillet !\" \/>\n<meta property=\"og:url\" content=\"https:\/\/www.matriciel.be\/conge2024\/\" \/>\n<meta property=\"og:site_name\" content=\"MATRIciel\" \/>\n<meta property=\"article:published_time\" content=\"2024-07-15T14:00:47+00:00\" \/>\n<meta property=\"og:image\" content=\"https:\/\/www.matriciel.be\/wp-content\/uploads\/2023\/07\/Fermeture-bureau-2024.jpg\" \/>\n\t<meta property=\"og:image:width\" content=\"628\" \/>\n\t<meta property=\"og:image:height\" content=\"282\" \/>\n\t<meta property=\"og:image:type\" content=\"image\/jpeg\" \/>\n<meta name=\"author\" content=\"catherine\" \/>\n<meta name=\"twitter:card\" content=\"summary_large_image\" \/>\n<meta name=\"twitter:label1\" content=\"Written by\" \/>\n\t<meta name=\"twitter:data1\" content=\"catherine\" \/>\n\t<meta name=\"twitter:label2\" content=\"Est. reading time\" \/>\n\t<meta name=\"twitter:data2\" content=\"1 minute\" \/>\n<script type=\"application\/ld+json\" class=\"yoast-schema-graph\">{\"@context\":\"https:\\\/\\\/schema.org\",\"@graph\":[{\"@type\":\"Article\",\"@id\":\"https:\\\/\\\/www.matriciel.be\\\/conge2024\\\/#article\",\"isPartOf\":{\"@id\":\"https:\\\/\\\/www.matriciel.be\\\/conge2024\\\/\"},\"author\":{\"name\":\"catherine\",\"@id\":\"https:\\\/\\\/www.matriciel.be\\\/#\\\/schema\\\/person\\\/44a6df2b7f4b9aa38fd89d2a2e3036bf\"},\"headline\":\"MATRIciel est en cong\u00e9\",\"datePublished\":\"2024-07-15T14:00:47+00:00\",\"mainEntityOfPage\":{\"@id\":\"https:\\\/\\\/www.matriciel.be\\\/conge2024\\\/\"},\"wordCount\":34,\"image\":{\"@id\":\"https:\\\/\\\/www.matriciel.be\\\/conge2024\\\/#primaryimage\"},\"thumbnailUrl\":\"https:\\\/\\\/www.matriciel.be\\\/wp-content\\\/uploads\\\/2023\\\/07\\\/Fermeture-bureau-2024.jpg\",\"articleSection\":[\"L'\u00e9quipe\"],\"inLanguage\":\"en-US\"},{\"@type\":\"WebPage\",\"@id\":\"https:\\\/\\\/www.matriciel.be\\\/conge2024\\\/\",\"url\":\"https:\\\/\\\/www.matriciel.be\\\/conge2024\\\/\",\"name\":\"MATRIciel est en cong\u00e9 - MATRIciel\",\"isPartOf\":{\"@id\":\"https:\\\/\\\/www.matriciel.be\\\/#website\"},\"primaryImageOfPage\":{\"@id\":\"https:\\\/\\\/www.matriciel.be\\\/conge2024\\\/#primaryimage\"},\"image\":{\"@id\":\"https:\\\/\\\/www.matriciel.be\\\/conge2024\\\/#primaryimage\"},\"thumbnailUrl\":\"https:\\\/\\\/www.matriciel.be\\\/wp-content\\\/uploads\\\/2023\\\/07\\\/Fermeture-bureau-2024.jpg\",\"datePublished\":\"2024-07-15T14:00:47+00:00\",\"author\":{\"@id\":\"https:\\\/\\\/www.matriciel.be\\\/#\\\/schema\\\/person\\\/44a6df2b7f4b9aa38fd89d2a2e3036bf\"},\"description\":\"Fermeture de MATRIciel, bureau d'\u00e9tudes en \u00e9nergie, environnement et techniques sp\u00e9ciales - Et\u00e9 2023 - Retrouvez-nous en 31 juillet !\",\"breadcrumb\":{\"@id\":\"https:\\\/\\\/www.matriciel.be\\\/conge2024\\\/#breadcrumb\"},\"inLanguage\":\"en-US\",\"potentialAction\":[{\"@type\":\"ReadAction\",\"target\":[\"https:\\\/\\\/www.matriciel.be\\\/conge2024\\\/\"]}]},{\"@type\":\"ImageObject\",\"inLanguage\":\"en-US\",\"@id\":\"https:\\\/\\\/www.matriciel.be\\\/conge2024\\\/#primaryimage\",\"url\":\"https:\\\/\\\/www.matriciel.be\\\/wp-content\\\/uploads\\\/2023\\\/07\\\/Fermeture-bureau-2024.jpg\",\"contentUrl\":\"https:\\\/\\\/www.matriciel.be\\\/wp-content\\\/uploads\\\/2023\\\/07\\\/Fermeture-bureau-2024.jpg\",\"width\":628,\"height\":282,\"caption\":\"MATRIciel en cong\u00e9\"},{\"@type\":\"BreadcrumbList\",\"@id\":\"https:\\\/\\\/www.matriciel.be\\\/conge2024\\\/#breadcrumb\",\"itemListElement\":[{\"@type\":\"ListItem\",\"position\":1,\"name\":\"Accueil\",\"item\":\"https:\\\/\\\/www.matriciel.be\\\/en\\\/\"},{\"@type\":\"ListItem\",\"position\":2,\"name\":\"MATRIciel est en cong\u00e9\"}]},{\"@type\":\"WebSite\",\"@id\":\"https:\\\/\\\/www.matriciel.be\\\/#website\",\"url\":\"https:\\\/\\\/www.matriciel.be\\\/\",\"name\":\"MATRIciel\",\"description\":\"Bureau d&#039;\u00e9tude et de conseil en architecture durable\",\"potentialAction\":[{\"@type\":\"SearchAction\",\"target\":{\"@type\":\"EntryPoint\",\"urlTemplate\":\"https:\\\/\\\/www.matriciel.be\\\/?s={search_term_string}\"},\"query-input\":{\"@type\":\"PropertyValueSpecification\",\"valueRequired\":true,\"valueName\":\"search_term_string\"}}],\"inLanguage\":\"en-US\"},{\"@type\":\"Person\",\"@id\":\"https:\\\/\\\/www.matriciel.be\\\/#\\\/schema\\\/person\\\/44a6df2b7f4b9aa38fd89d2a2e3036bf\",\"name\":\"catherine\"}]}<\/script>\n<!-- \/ Yoast SEO plugin. -->","yoast_head_json":{"title":"MATRIciel est en cong\u00e9 - MATRIciel","description":"Fermeture de MATRIciel, bureau d'\u00e9tudes en \u00e9nergie, environnement et techniques sp\u00e9ciales - Et\u00e9 2023 - Retrouvez-nous en 31 juillet !","robots":{"index":"index","follow":"follow","max-snippet":"max-snippet:-1","max-image-preview":"max-image-preview:large","max-video-preview":"max-video-preview:-1"},"canonical":"https:\/\/www.matriciel.be\/conge2024\/","og_locale":"en_US","og_type":"article","og_title":"MATRIciel est en cong\u00e9 - MATRIciel","og_description":"Fermeture de MATRIciel, bureau d'\u00e9tudes en \u00e9nergie, environnement et techniques sp\u00e9ciales - Et\u00e9 2023 - Retrouvez-nous en 31 juillet !","og_url":"https:\/\/www.matriciel.be\/conge2024\/","og_site_name":"MATRIciel","article_published_time":"2024-07-15T14:00:47+00:00","og_image":[{"width":628,"height":282,"url":"https:\/\/www.matriciel.be\/wp-content\/uploads\/2023\/07\/Fermeture-bureau-2024.jpg","type":"image\/jpeg"}],"author":"catherine","twitter_card":"summary_large_image","twitter_misc":{"Written by":"catherine","Est. reading time":"1 minute"},"schema":{"@context":"https:\/\/schema.org","@graph":[{"@type":"Article","@id":"https:\/\/www.matriciel.be\/conge2024\/#article","isPartOf":{"@id":"https:\/\/www.matriciel.be\/conge2024\/"},"author":{"name":"catherine","@id":"https:\/\/www.matriciel.be\/#\/schema\/person\/44a6df2b7f4b9aa38fd89d2a2e3036bf"},"headline":"MATRIciel est en cong\u00e9","datePublished":"2024-07-15T14:00:47+00:00","mainEntityOfPage":{"@id":"https:\/\/www.matriciel.be\/conge2024\/"},"wordCount":34,"image":{"@id":"https:\/\/www.matriciel.be\/conge2024\/#primaryimage"},"thumbnailUrl":"https:\/\/www.matriciel.be\/wp-content\/uploads\/2023\/07\/Fermeture-bureau-2024.jpg","articleSection":["L'\u00e9quipe"],"inLanguage":"en-US"},{"@type":"WebPage","@id":"https:\/\/www.matriciel.be\/conge2024\/","url":"https:\/\/www.matriciel.be\/conge2024\/","name":"MATRIciel est en cong\u00e9 - MATRIciel","isPartOf":{"@id":"https:\/\/www.matriciel.be\/#website"},"primaryImageOfPage":{"@id":"https:\/\/www.matriciel.be\/conge2024\/#primaryimage"},"image":{"@id":"https:\/\/www.matriciel.be\/conge2024\/#primaryimage"},"thumbnailUrl":"https:\/\/www.matriciel.be\/wp-content\/uploads\/2023\/07\/Fermeture-bureau-2024.jpg","datePublished":"2024-07-15T14:00:47+00:00","author":{"@id":"https:\/\/www.matriciel.be\/#\/schema\/person\/44a6df2b7f4b9aa38fd89d2a2e3036bf"},"description":"Fermeture de MATRIciel, bureau d'\u00e9tudes en \u00e9nergie, environnement et techniques sp\u00e9ciales - Et\u00e9 2023 - Retrouvez-nous en 31 juillet !","breadcrumb":{"@id":"https:\/\/www.matriciel.be\/conge2024\/#breadcrumb"},"inLanguage":"en-US","potentialAction":[{"@type":"ReadAction","target":["https:\/\/www.matriciel.be\/conge2024\/"]}]},{"@type":"ImageObject","inLanguage":"en-US","@id":"https:\/\/www.matriciel.be\/conge2024\/#primaryimage","url":"https:\/\/www.matriciel.be\/wp-content\/uploads\/2023\/07\/Fermeture-bureau-2024.jpg","contentUrl":"https:\/\/www.matriciel.be\/wp-content\/uploads\/2023\/07\/Fermeture-bureau-2024.jpg","width":628,"height":282,"caption":"MATRIciel en cong\u00e9"},{"@type":"BreadcrumbList","@id":"https:\/\/www.matriciel.be\/conge2024\/#breadcrumb","itemListElement":[{"@type":"ListItem","position":1,"name":"Accueil","item":"https:\/\/www.matriciel.be\/en\/"},{"@type":"ListItem","position":2,"name":"MATRIciel est en cong\u00e9"}]},{"@type":"WebSite","@id":"https:\/\/www.matriciel.be\/#website","url":"https:\/\/www.matriciel.be\/","name":"MATRIciel","description":"Bureau d&#039;\u00e9tude et de conseil en architecture durable","potentialAction":[{"@type":"SearchAction","target":{"@type":"EntryPoint","urlTemplate":"https:\/\/www.matriciel.be\/?s={search_term_string}"},"query-input":{"@type":"PropertyValueSpecification","valueRequired":true,"valueName":"search_term_string"}}],"inLanguage":"en-US"},{"@type":"Person","@id":"https:\/\/www.matriciel.be\/#\/schema\/person\/44a6df2b7f4b9aa38fd89d2a2e3036bf","name":"catherine"}]}},"jetpack_featured_media_url":"https:\/\/www.matriciel.be\/wp-content\/uploads\/2023\/07\/Fermeture-bureau-2024.jpg","jetpack_shortlink":"https:\/\/wp.me\/p8HVJL-2VH","jetpack_sharing_enabled":true,"_links":{"self":[{"href":"https:\/\/www.matriciel.be\/en\/wp-json\/wp\/v2\/posts\/11265","targetHints":{"allow":["GET"]}}],"collection":[{"href":"https:\/\/www.matriciel.be\/en\/wp-json\/wp\/v2\/posts"}],"about":[{"href":"https:\/\/www.matriciel.be\/en\/wp-json\/wp\/v2\/types\/post"}],"author":[{"embeddable":true,"href":"https:\/\/www.matriciel.be\/en\/wp-json\/wp\/v2\/users\/5"}],"replies":[{"embeddable":true,"href":"https:\/\/www.matriciel.be\/en\/wp-json\/wp\/v2\/comments?post=11265"}],"version-history":[{"count":4,"href":"https:\/\/www.matriciel.be\/en\/wp-json\/wp\/v2\/posts\/11265\/revisions"}],"predecessor-version":[{"id":21098,"href":"https:\/\/www.matriciel.be\/en\/wp-json\/wp\/v2\/posts\/11265\/revisions\/21098"}],"wp:featuredmedia":[{"embeddable":true,"href":"https:\/\/www.matriciel.be\/en\/wp-json\/wp\/v2\/media\/21095"}],"wp:attachment":[{"href":"https:\/\/www.matriciel.be\/en\/wp-json\/wp\/v2\/media?parent=11265"}],"wp:term":[{"taxonomy":"category","embeddable":true,"href":"https:\/\/www.matriciel.be\/en\/wp-json\/wp\/v2\/categories?post=11265"},{"taxonomy":"post_tag","embeddable":true,"href":"https:\/\/www.matriciel.be\/en\/wp-json\/wp\/v2\/tags?post=11265"}],"curies":[{"name":"wp","href":"https:\/\/api.w.org\/{rel}","templated":true}]}}