{"id":1750,"date":"2018-04-20T09:35:21","date_gmt":"2018-04-20T07:35:21","guid":{"rendered":"https:\/\/agencepoush-newmatriciel.pf503.wpserveur.net\/?p=1750"},"modified":"2020-10-28T11:01:10","modified_gmt":"2020-10-28T10:01:10","slug":"journee-reemploi","status":"publish","type":"post","link":"https:\/\/www.matriciel.be\/en\/journee-reemploi\/","title":{"rendered":"Une journ\u00e9e d&#8217;\u00e9tude chez MATRI<em>ciel<\/em> &#8230;"},"content":{"rendered":"<p>Ce 20 avril, toute l&#8217;\u00e9quipe s&#8217;est retrouv\u00e9e chez <a href=\"http:\/\/www.tero-restaurant.com\/\" target=\"_blank\" rel=\"noopener noreferrer\">TERO<\/a> afin de faire le bilan de l&#8217;ann\u00e9e 2017, d&#8217;\u00e9changer sur les pratiques, la synergie entre les trois p\u00f4les et surtout pour r\u00e9fl\u00e9chir avec\u00a0<a href=\"http:\/\/rotordb.org\/\" target=\"_blank\" rel=\"noopener noreferrer\">l&#8217;asbl RoToR<\/a> au sujet du r\u00e9emploi dans la construction.<\/p>\n<p>&nbsp;<\/p>\n<p>Cr\u00e9dit photo : <a title=\"Opalis\" href=\"http:\/\/www.opalis.be\" target=\"_blank\" rel=\"noopener noreferrer\">www.opalis.be<\/a><\/p>\n","protected":false},"excerpt":{"rendered":"<p>Ce 20 avril, toute l&#8217;\u00e9quipe s&#8217;est retrouv\u00e9e chez TERO afin de faire le bilan de l&#8217;ann\u00e9e 2017, d&#8217;\u00e9changer sur les pratiques, la synergie entre les trois p\u00f4les et surtout pour r\u00e9fl\u00e9chir avec\u00a0l&#8217;asbl RoToR au sujet du r\u00e9emploi dans la construction. &nbsp; Cr\u00e9dit photo : www.opalis.be<\/p>\n","protected":false},"author":5,"featured_media":1751,"comment_status":"closed","ping_status":"closed","sticky":false,"template":"","format":"standard","meta":{"_jetpack_memberships_contains_paid_content":false,"footnotes":""},"categories":[54],"tags":[61,112,104,111,77],"class_list":["post-1750","post","type-post","status-publish","format-standard","has-post-thumbnail","hentry","category-lequipe","tag-chantier-circulaire","tag-energie-et-confort","tag-environnement","tag-reemploi","tag-techniques-speciales","category-54","description-off"],"yoast_head":"<!-- This site is optimized with the Yoast SEO plugin v27.5 - https:\/\/yoast.com\/product\/yoast-seo-wordpress\/ -->\n<title>Ce 20 avril, une journ\u00e9e au vert pour MATRIciel<\/title>\n<meta name=\"description\" content=\"Ce 20 avril, une journ\u00e9e au vert pour MATRIciel : discussions, r\u00e9flexions, \u00e9changes autour de nos m\u00e9tiers de base et avec notre partenaire RoToR, autour du r\u00e9emploi dans la construction\" \/>\n<meta name=\"robots\" content=\"index, follow, max-snippet:-1, max-image-preview:large, max-video-preview:-1\" \/>\n<link rel=\"canonical\" href=\"https:\/\/www.matriciel.be\/en\/journee-reemploi\/\" \/>\n<meta property=\"og:locale\" content=\"en_US\" \/>\n<meta property=\"og:type\" content=\"article\" \/>\n<meta property=\"og:title\" content=\"Ce 20 avril, une journ\u00e9e au vert pour MATRIciel\" \/>\n<meta property=\"og:description\" content=\"Ce 20 avril, une journ\u00e9e au vert pour MATRIciel : discussions, r\u00e9flexions, \u00e9changes autour de nos m\u00e9tiers de base et avec notre partenaire RoToR, autour du r\u00e9emploi dans la construction\" \/>\n<meta property=\"og:url\" content=\"https:\/\/www.matriciel.be\/en\/journee-reemploi\/\" \/>\n<meta property=\"og:site_name\" content=\"MATRIciel\" \/>\n<meta property=\"article:published_time\" content=\"2018-04-20T07:35:21+00:00\" \/>\n<meta property=\"article:modified_time\" content=\"2020-10-28T10:01:10+00:00\" \/>\n<meta property=\"og:image\" content=\"https:\/\/www.matriciel.be\/wp-content\/uploads\/2018\/04\/20-avril-avec-RoToR.jpg\" \/>\n\t<meta property=\"og:image:width\" content=\"1209\" \/>\n\t<meta property=\"og:image:height\" content=\"722\" \/>\n\t<meta property=\"og:image:type\" content=\"image\/jpeg\" \/>\n<meta name=\"author\" content=\"catherine\" \/>\n<meta name=\"twitter:card\" content=\"summary_large_image\" \/>\n<meta name=\"twitter:label1\" content=\"Written by\" \/>\n\t<meta name=\"twitter:data1\" content=\"catherine\" \/>\n<script type=\"application\/ld+json\" class=\"yoast-schema-graph\">{\"@context\":\"https:\\\/\\\/schema.org\",\"@graph\":[{\"@type\":\"Article\",\"@id\":\"https:\\\/\\\/www.matriciel.be\\\/en\\\/journee-reemploi\\\/#article\",\"isPartOf\":{\"@id\":\"https:\\\/\\\/www.matriciel.be\\\/en\\\/journee-reemploi\\\/\"},\"author\":{\"name\":\"catherine\",\"@id\":\"https:\\\/\\\/www.matriciel.be\\\/#\\\/schema\\\/person\\\/44a6df2b7f4b9aa38fd89d2a2e3036bf\"},\"headline\":\"Une journ\u00e9e d&#8217;\u00e9tude chez MATRIciel &#8230;\",\"datePublished\":\"2018-04-20T07:35:21+00:00\",\"dateModified\":\"2020-10-28T10:01:10+00:00\",\"mainEntityOfPage\":{\"@id\":\"https:\\\/\\\/www.matriciel.be\\\/en\\\/journee-reemploi\\\/\"},\"wordCount\":64,\"image\":{\"@id\":\"https:\\\/\\\/www.matriciel.be\\\/en\\\/journee-reemploi\\\/#primaryimage\"},\"thumbnailUrl\":\"https:\\\/\\\/www.matriciel.be\\\/wp-content\\\/uploads\\\/2018\\\/04\\\/20-avril-avec-RoToR.jpg\",\"keywords\":[\"Chantier circulaire\",\"Energie et confort\",\"Environnement\",\"r\u00e9emploi\",\"Techniques sp\u00e9ciales\"],\"articleSection\":[\"L'\u00e9quipe\"],\"inLanguage\":\"en-US\"},{\"@type\":\"WebPage\",\"@id\":\"https:\\\/\\\/www.matriciel.be\\\/en\\\/journee-reemploi\\\/\",\"url\":\"https:\\\/\\\/www.matriciel.be\\\/en\\\/journee-reemploi\\\/\",\"name\":\"Ce 20 avril, une journ\u00e9e au vert pour MATRIciel\",\"isPartOf\":{\"@id\":\"https:\\\/\\\/www.matriciel.be\\\/#website\"},\"primaryImageOfPage\":{\"@id\":\"https:\\\/\\\/www.matriciel.be\\\/en\\\/journee-reemploi\\\/#primaryimage\"},\"image\":{\"@id\":\"https:\\\/\\\/www.matriciel.be\\\/en\\\/journee-reemploi\\\/#primaryimage\"},\"thumbnailUrl\":\"https:\\\/\\\/www.matriciel.be\\\/wp-content\\\/uploads\\\/2018\\\/04\\\/20-avril-avec-RoToR.jpg\",\"datePublished\":\"2018-04-20T07:35:21+00:00\",\"dateModified\":\"2020-10-28T10:01:10+00:00\",\"author\":{\"@id\":\"https:\\\/\\\/www.matriciel.be\\\/#\\\/schema\\\/person\\\/44a6df2b7f4b9aa38fd89d2a2e3036bf\"},\"description\":\"Ce 20 avril, une journ\u00e9e au vert pour MATRIciel : discussions, r\u00e9flexions, \u00e9changes autour de nos m\u00e9tiers de base et avec notre partenaire RoToR, autour du r\u00e9emploi dans la construction\",\"breadcrumb\":{\"@id\":\"https:\\\/\\\/www.matriciel.be\\\/en\\\/journee-reemploi\\\/#breadcrumb\"},\"inLanguage\":\"en-US\",\"potentialAction\":[{\"@type\":\"ReadAction\",\"target\":[\"https:\\\/\\\/www.matriciel.be\\\/en\\\/journee-reemploi\\\/\"]}]},{\"@type\":\"ImageObject\",\"inLanguage\":\"en-US\",\"@id\":\"https:\\\/\\\/www.matriciel.be\\\/en\\\/journee-reemploi\\\/#primaryimage\",\"url\":\"https:\\\/\\\/www.matriciel.be\\\/wp-content\\\/uploads\\\/2018\\\/04\\\/20-avril-avec-RoToR.jpg\",\"contentUrl\":\"https:\\\/\\\/www.matriciel.be\\\/wp-content\\\/uploads\\\/2018\\\/04\\\/20-avril-avec-RoToR.jpg\",\"width\":1209,\"height\":722,\"caption\":\"20 avril avec RoToR - R\u00e9emploi en construction\"},{\"@type\":\"BreadcrumbList\",\"@id\":\"https:\\\/\\\/www.matriciel.be\\\/en\\\/journee-reemploi\\\/#breadcrumb\",\"itemListElement\":[{\"@type\":\"ListItem\",\"position\":1,\"name\":\"Accueil\",\"item\":\"https:\\\/\\\/www.matriciel.be\\\/en\\\/\"},{\"@type\":\"ListItem\",\"position\":2,\"name\":\"Une journ\u00e9e d&#8217;\u00e9tude chez MATRIciel &#8230;\"}]},{\"@type\":\"WebSite\",\"@id\":\"https:\\\/\\\/www.matriciel.be\\\/#website\",\"url\":\"https:\\\/\\\/www.matriciel.be\\\/\",\"name\":\"MATRIciel\",\"description\":\"Bureau d&#039;\u00e9tude et de conseil en architecture durable\",\"potentialAction\":[{\"@type\":\"SearchAction\",\"target\":{\"@type\":\"EntryPoint\",\"urlTemplate\":\"https:\\\/\\\/www.matriciel.be\\\/?s={search_term_string}\"},\"query-input\":{\"@type\":\"PropertyValueSpecification\",\"valueRequired\":true,\"valueName\":\"search_term_string\"}}],\"inLanguage\":\"en-US\"},{\"@type\":\"Person\",\"@id\":\"https:\\\/\\\/www.matriciel.be\\\/#\\\/schema\\\/person\\\/44a6df2b7f4b9aa38fd89d2a2e3036bf\",\"name\":\"catherine\"}]}<\/script>\n<!-- \/ Yoast SEO plugin. -->","yoast_head_json":{"title":"Ce 20 avril, une journ\u00e9e au vert pour MATRIciel","description":"Ce 20 avril, une journ\u00e9e au vert pour MATRIciel : discussions, r\u00e9flexions, \u00e9changes autour de nos m\u00e9tiers de base et avec notre partenaire RoToR, autour du r\u00e9emploi dans la construction","robots":{"index":"index","follow":"follow","max-snippet":"max-snippet:-1","max-image-preview":"max-image-preview:large","max-video-preview":"max-video-preview:-1"},"canonical":"https:\/\/www.matriciel.be\/en\/journee-reemploi\/","og_locale":"en_US","og_type":"article","og_title":"Ce 20 avril, une journ\u00e9e au vert pour MATRIciel","og_description":"Ce 20 avril, une journ\u00e9e au vert pour MATRIciel : discussions, r\u00e9flexions, \u00e9changes autour de nos m\u00e9tiers de base et avec notre partenaire RoToR, autour du r\u00e9emploi dans la construction","og_url":"https:\/\/www.matriciel.be\/en\/journee-reemploi\/","og_site_name":"MATRIciel","article_published_time":"2018-04-20T07:35:21+00:00","article_modified_time":"2020-10-28T10:01:10+00:00","og_image":[{"width":1209,"height":722,"url":"https:\/\/www.matriciel.be\/wp-content\/uploads\/2018\/04\/20-avril-avec-RoToR.jpg","type":"image\/jpeg"}],"author":"catherine","twitter_card":"summary_large_image","twitter_misc":{"Written by":"catherine"},"schema":{"@context":"https:\/\/schema.org","@graph":[{"@type":"Article","@id":"https:\/\/www.matriciel.be\/en\/journee-reemploi\/#article","isPartOf":{"@id":"https:\/\/www.matriciel.be\/en\/journee-reemploi\/"},"author":{"name":"catherine","@id":"https:\/\/www.matriciel.be\/#\/schema\/person\/44a6df2b7f4b9aa38fd89d2a2e3036bf"},"headline":"Une journ\u00e9e d&#8217;\u00e9tude chez MATRIciel &#8230;","datePublished":"2018-04-20T07:35:21+00:00","dateModified":"2020-10-28T10:01:10+00:00","mainEntityOfPage":{"@id":"https:\/\/www.matriciel.be\/en\/journee-reemploi\/"},"wordCount":64,"image":{"@id":"https:\/\/www.matriciel.be\/en\/journee-reemploi\/#primaryimage"},"thumbnailUrl":"https:\/\/www.matriciel.be\/wp-content\/uploads\/2018\/04\/20-avril-avec-RoToR.jpg","keywords":["Chantier circulaire","Energie et confort","Environnement","r\u00e9emploi","Techniques sp\u00e9ciales"],"articleSection":["L'\u00e9quipe"],"inLanguage":"en-US"},{"@type":"WebPage","@id":"https:\/\/www.matriciel.be\/en\/journee-reemploi\/","url":"https:\/\/www.matriciel.be\/en\/journee-reemploi\/","name":"Ce 20 avril, une journ\u00e9e au vert pour MATRIciel","isPartOf":{"@id":"https:\/\/www.matriciel.be\/#website"},"primaryImageOfPage":{"@id":"https:\/\/www.matriciel.be\/en\/journee-reemploi\/#primaryimage"},"image":{"@id":"https:\/\/www.matriciel.be\/en\/journee-reemploi\/#primaryimage"},"thumbnailUrl":"https:\/\/www.matriciel.be\/wp-content\/uploads\/2018\/04\/20-avril-avec-RoToR.jpg","datePublished":"2018-04-20T07:35:21+00:00","dateModified":"2020-10-28T10:01:10+00:00","author":{"@id":"https:\/\/www.matriciel.be\/#\/schema\/person\/44a6df2b7f4b9aa38fd89d2a2e3036bf"},"description":"Ce 20 avril, une journ\u00e9e au vert pour MATRIciel : discussions, r\u00e9flexions, \u00e9changes autour de nos m\u00e9tiers de base et avec notre partenaire RoToR, autour du r\u00e9emploi dans la construction","breadcrumb":{"@id":"https:\/\/www.matriciel.be\/en\/journee-reemploi\/#breadcrumb"},"inLanguage":"en-US","potentialAction":[{"@type":"ReadAction","target":["https:\/\/www.matriciel.be\/en\/journee-reemploi\/"]}]},{"@type":"ImageObject","inLanguage":"en-US","@id":"https:\/\/www.matriciel.be\/en\/journee-reemploi\/#primaryimage","url":"https:\/\/www.matriciel.be\/wp-content\/uploads\/2018\/04\/20-avril-avec-RoToR.jpg","contentUrl":"https:\/\/www.matriciel.be\/wp-content\/uploads\/2018\/04\/20-avril-avec-RoToR.jpg","width":1209,"height":722,"caption":"20 avril avec RoToR - R\u00e9emploi en construction"},{"@type":"BreadcrumbList","@id":"https:\/\/www.matriciel.be\/en\/journee-reemploi\/#breadcrumb","itemListElement":[{"@type":"ListItem","position":1,"name":"Accueil","item":"https:\/\/www.matriciel.be\/en\/"},{"@type":"ListItem","position":2,"name":"Une journ\u00e9e d&#8217;\u00e9tude chez MATRIciel &#8230;"}]},{"@type":"WebSite","@id":"https:\/\/www.matriciel.be\/#website","url":"https:\/\/www.matriciel.be\/","name":"MATRIciel","description":"Bureau d&#039;\u00e9tude et de conseil en architecture durable","potentialAction":[{"@type":"SearchAction","target":{"@type":"EntryPoint","urlTemplate":"https:\/\/www.matriciel.be\/?s={search_term_string}"},"query-input":{"@type":"PropertyValueSpecification","valueRequired":true,"valueName":"search_term_string"}}],"inLanguage":"en-US"},{"@type":"Person","@id":"https:\/\/www.matriciel.be\/#\/schema\/person\/44a6df2b7f4b9aa38fd89d2a2e3036bf","name":"catherine"}]}},"jetpack_featured_media_url":"https:\/\/www.matriciel.be\/wp-content\/uploads\/2018\/04\/20-avril-avec-RoToR.jpg","jetpack_shortlink":"https:\/\/wp.me\/p8HVJL-se","jetpack_sharing_enabled":true,"_links":{"self":[{"href":"https:\/\/www.matriciel.be\/en\/wp-json\/wp\/v2\/posts\/1750","targetHints":{"allow":["GET"]}}],"collection":[{"href":"https:\/\/www.matriciel.be\/en\/wp-json\/wp\/v2\/posts"}],"about":[{"href":"https:\/\/www.matriciel.be\/en\/wp-json\/wp\/v2\/types\/post"}],"author":[{"embeddable":true,"href":"https:\/\/www.matriciel.be\/en\/wp-json\/wp\/v2\/users\/5"}],"replies":[{"embeddable":true,"href":"https:\/\/www.matriciel.be\/en\/wp-json\/wp\/v2\/comments?post=1750"}],"version-history":[{"count":1,"href":"https:\/\/www.matriciel.be\/en\/wp-json\/wp\/v2\/posts\/1750\/revisions"}],"predecessor-version":[{"id":4568,"href":"https:\/\/www.matriciel.be\/en\/wp-json\/wp\/v2\/posts\/1750\/revisions\/4568"}],"wp:featuredmedia":[{"embeddable":true,"href":"https:\/\/www.matriciel.be\/en\/wp-json\/wp\/v2\/media\/1751"}],"wp:attachment":[{"href":"https:\/\/www.matriciel.be\/en\/wp-json\/wp\/v2\/media?parent=1750"}],"wp:term":[{"taxonomy":"category","embeddable":true,"href":"https:\/\/www.matriciel.be\/en\/wp-json\/wp\/v2\/categories?post=1750"},{"taxonomy":"post_tag","embeddable":true,"href":"https:\/\/www.matriciel.be\/en\/wp-json\/wp\/v2\/tags?post=1750"}],"curies":[{"name":"wp","href":"https:\/\/api.w.org\/{rel}","templated":true}]}}