{"id":20492,"date":"2024-04-17T13:56:20","date_gmt":"2024-04-17T11:56:20","guid":{"rendered":"https:\/\/www.matriciel.be\/?p=20492"},"modified":"2024-04-17T13:56:20","modified_gmt":"2024-04-17T11:56:20","slug":"thecrown","status":"publish","type":"post","link":"https:\/\/www.matriciel.be\/en\/thecrown\/","title":{"rendered":"Pose de la premi\u00e8re pierre du projet The Crown , r\u00e9sidence pour \u00e9tudiants \u00e0 Ixelles"},"content":{"rendered":"<blockquote class=\"wp-embedded-content\" data-secret=\"YFL6PHSSbd\"><p><a href=\"https:\/\/bx1.be\/categories\/news\/lancement-du-chantier-de-logement-etudiant-a-finalite-sociale-a-ixelles\/\">Lancement du chantier de logements \u00e9tudiants \u00e0 finalit\u00e9 sociale \u00e0 Ixelles<\/a><\/p><\/blockquote>\n<p><iframe loading=\"lazy\" class=\"wp-embedded-content\" sandbox=\"allow-scripts\" security=\"restricted\" style=\"position: absolute; clip: rect(1px, 1px, 1px, 1px);\" title=\"\u00ab\u00a0Lancement du chantier de logements \u00e9tudiants \u00e0 finalit\u00e9 sociale \u00e0 Ixelles\u00a0\u00bb &#8212; BX1\" src=\"https:\/\/bx1.be\/categories\/news\/lancement-du-chantier-de-logement-etudiant-a-finalite-sociale-a-ixelles\/embed\/#?secret=DY1FC2BgL5#?secret=YFL6PHSSbd\" data-secret=\"YFL6PHSSbd\" width=\"600\" height=\"338\" frameborder=\"0\" marginwidth=\"0\" marginheight=\"0\" scrolling=\"no\"><\/iframe><\/p>\n<p>&nbsp;<\/p>\n<p>MO : Artone, Brownfields<\/p>\n<p>Ar : BAEB Bureau D&#8217;Architectes Emmanuel Bouffioux<\/p>\n<p>Lien vers <a href=\"https:\/\/www.matriciel.be\/projet\/kots_the_crown\/\" target=\"_blank\" rel=\"noopener\">fiche projet compl\u00e8te<\/a><\/p>\n<p>&nbsp;<\/p>\n","protected":false},"excerpt":{"rendered":"<p>&nbsp; MO : Artone, Brownfields Ar : BAEB Bureau D&#8217;Architectes Emmanuel Bouffioux Lien vers fiche projet compl\u00e8te &nbsp;<\/p>\n","protected":false},"author":5,"featured_media":18117,"comment_status":"closed","ping_status":"closed","sticky":false,"template":"","format":"standard","meta":{"_jetpack_memberships_contains_paid_content":false,"footnotes":""},"categories":[64],"tags":[256,49,71,77],"class_list":["post-20492","post","type-post","status-publish","format-standard","has-post-thumbnail","hentry","category-residentiel","tag-breeam-excellent","tag-gestion-de-leau","tag-peb","tag-techniques-speciales","category-64","description-off"],"yoast_head":"<!-- This site is optimized with the Yoast SEO plugin v27.5 - https:\/\/yoast.com\/product\/yoast-seo-wordpress\/ -->\n<title>Pose de la premi\u00e8re pierre du projet The Crown , r\u00e9sidence pour \u00e9tudiants \u00e0 Ixelles - MATRIciel<\/title>\n<meta name=\"description\" content=\"MATRIciel by Oteis - R\u00e9sidence \u00e9tudiante d\u2019approximativement 200 unit\u00e9s \u00e0 finalit\u00e9 sociale \u00e0 Ixelles - Projet The Crown - Avec Artone et BAEB\" \/>\n<meta name=\"robots\" content=\"index, follow, max-snippet:-1, max-image-preview:large, max-video-preview:-1\" \/>\n<link rel=\"canonical\" href=\"https:\/\/www.matriciel.be\/thecrown\/\" \/>\n<meta property=\"og:locale\" content=\"en_US\" \/>\n<meta property=\"og:type\" content=\"article\" \/>\n<meta property=\"og:title\" content=\"Pose de la premi\u00e8re pierre du projet The Crown , r\u00e9sidence pour \u00e9tudiants \u00e0 Ixelles - MATRIciel\" \/>\n<meta property=\"og:description\" content=\"MATRIciel by Oteis - R\u00e9sidence \u00e9tudiante d\u2019approximativement 200 unit\u00e9s \u00e0 finalit\u00e9 sociale \u00e0 Ixelles - Projet The Crown - Avec Artone et BAEB\" \/>\n<meta property=\"og:url\" content=\"https:\/\/www.matriciel.be\/thecrown\/\" \/>\n<meta property=\"og:site_name\" content=\"MATRIciel\" \/>\n<meta property=\"article:published_time\" content=\"2024-04-17T11:56:20+00:00\" \/>\n<meta property=\"og:image\" content=\"https:\/\/www.matriciel.be\/wp-content\/uploads\/2023\/08\/Image-Couronne-2.png\" \/>\n\t<meta property=\"og:image:width\" content=\"1016\" \/>\n\t<meta property=\"og:image:height\" content=\"675\" \/>\n\t<meta property=\"og:image:type\" content=\"image\/png\" \/>\n<meta name=\"author\" content=\"catherine\" \/>\n<meta name=\"twitter:card\" content=\"summary_large_image\" \/>\n<meta name=\"twitter:label1\" content=\"Written by\" \/>\n\t<meta name=\"twitter:data1\" content=\"catherine\" \/>\n\t<meta name=\"twitter:label2\" content=\"Est. reading time\" \/>\n\t<meta name=\"twitter:data2\" content=\"1 minute\" \/>\n<script type=\"application\/ld+json\" class=\"yoast-schema-graph\">{\"@context\":\"https:\\\/\\\/schema.org\",\"@graph\":[{\"@type\":\"Article\",\"@id\":\"https:\\\/\\\/www.matriciel.be\\\/thecrown\\\/#article\",\"isPartOf\":{\"@id\":\"https:\\\/\\\/www.matriciel.be\\\/thecrown\\\/\"},\"author\":{\"name\":\"catherine\",\"@id\":\"https:\\\/\\\/www.matriciel.be\\\/#\\\/schema\\\/person\\\/44a6df2b7f4b9aa38fd89d2a2e3036bf\"},\"headline\":\"Pose de la premi\u00e8re pierre du projet The Crown , r\u00e9sidence pour \u00e9tudiants \u00e0 Ixelles\",\"datePublished\":\"2024-04-17T11:56:20+00:00\",\"mainEntityOfPage\":{\"@id\":\"https:\\\/\\\/www.matriciel.be\\\/thecrown\\\/\"},\"wordCount\":41,\"image\":{\"@id\":\"https:\\\/\\\/www.matriciel.be\\\/thecrown\\\/#primaryimage\"},\"thumbnailUrl\":\"https:\\\/\\\/www.matriciel.be\\\/wp-content\\\/uploads\\\/2023\\\/08\\\/Image-Couronne-2.png\",\"keywords\":[\"BREEAM \\\"Excellent\\\"\",\"Gestion de l'eau\",\"PEB\",\"Techniques sp\u00e9ciales\"],\"articleSection\":[\"R\u00e9sidentiel\"],\"inLanguage\":\"en-US\"},{\"@type\":\"WebPage\",\"@id\":\"https:\\\/\\\/www.matriciel.be\\\/thecrown\\\/\",\"url\":\"https:\\\/\\\/www.matriciel.be\\\/thecrown\\\/\",\"name\":\"Pose de la premi\u00e8re pierre du projet The Crown , r\u00e9sidence pour \u00e9tudiants \u00e0 Ixelles - MATRIciel\",\"isPartOf\":{\"@id\":\"https:\\\/\\\/www.matriciel.be\\\/#website\"},\"primaryImageOfPage\":{\"@id\":\"https:\\\/\\\/www.matriciel.be\\\/thecrown\\\/#primaryimage\"},\"image\":{\"@id\":\"https:\\\/\\\/www.matriciel.be\\\/thecrown\\\/#primaryimage\"},\"thumbnailUrl\":\"https:\\\/\\\/www.matriciel.be\\\/wp-content\\\/uploads\\\/2023\\\/08\\\/Image-Couronne-2.png\",\"datePublished\":\"2024-04-17T11:56:20+00:00\",\"author\":{\"@id\":\"https:\\\/\\\/www.matriciel.be\\\/#\\\/schema\\\/person\\\/44a6df2b7f4b9aa38fd89d2a2e3036bf\"},\"description\":\"MATRIciel by Oteis - R\u00e9sidence \u00e9tudiante d\u2019approximativement 200 unit\u00e9s \u00e0 finalit\u00e9 sociale \u00e0 Ixelles - Projet The Crown - Avec Artone et BAEB\",\"breadcrumb\":{\"@id\":\"https:\\\/\\\/www.matriciel.be\\\/thecrown\\\/#breadcrumb\"},\"inLanguage\":\"en-US\",\"potentialAction\":[{\"@type\":\"ReadAction\",\"target\":[\"https:\\\/\\\/www.matriciel.be\\\/thecrown\\\/\"]}]},{\"@type\":\"ImageObject\",\"inLanguage\":\"en-US\",\"@id\":\"https:\\\/\\\/www.matriciel.be\\\/thecrown\\\/#primaryimage\",\"url\":\"https:\\\/\\\/www.matriciel.be\\\/wp-content\\\/uploads\\\/2023\\\/08\\\/Image-Couronne-2.png\",\"contentUrl\":\"https:\\\/\\\/www.matriciel.be\\\/wp-content\\\/uploads\\\/2023\\\/08\\\/Image-Couronne-2.png\",\"width\":1016,\"height\":675,\"caption\":\"Guidance \u00e9nerg\u00e9tique et environnementale et mission TS pour le projet The Crown \u00e0 Ixelles\"},{\"@type\":\"BreadcrumbList\",\"@id\":\"https:\\\/\\\/www.matriciel.be\\\/thecrown\\\/#breadcrumb\",\"itemListElement\":[{\"@type\":\"ListItem\",\"position\":1,\"name\":\"Accueil\",\"item\":\"https:\\\/\\\/www.matriciel.be\\\/en\\\/\"},{\"@type\":\"ListItem\",\"position\":2,\"name\":\"Pose de la premi\u00e8re pierre du projet The Crown , r\u00e9sidence pour \u00e9tudiants \u00e0 Ixelles\"}]},{\"@type\":\"WebSite\",\"@id\":\"https:\\\/\\\/www.matriciel.be\\\/#website\",\"url\":\"https:\\\/\\\/www.matriciel.be\\\/\",\"name\":\"MATRIciel\",\"description\":\"Bureau d&#039;\u00e9tude et de conseil en architecture durable\",\"potentialAction\":[{\"@type\":\"SearchAction\",\"target\":{\"@type\":\"EntryPoint\",\"urlTemplate\":\"https:\\\/\\\/www.matriciel.be\\\/?s={search_term_string}\"},\"query-input\":{\"@type\":\"PropertyValueSpecification\",\"valueRequired\":true,\"valueName\":\"search_term_string\"}}],\"inLanguage\":\"en-US\"},{\"@type\":\"Person\",\"@id\":\"https:\\\/\\\/www.matriciel.be\\\/#\\\/schema\\\/person\\\/44a6df2b7f4b9aa38fd89d2a2e3036bf\",\"name\":\"catherine\"}]}<\/script>\n<!-- \/ Yoast SEO plugin. -->","yoast_head_json":{"title":"Pose de la premi\u00e8re pierre du projet The Crown , r\u00e9sidence pour \u00e9tudiants \u00e0 Ixelles - MATRIciel","description":"MATRIciel by Oteis - R\u00e9sidence \u00e9tudiante d\u2019approximativement 200 unit\u00e9s \u00e0 finalit\u00e9 sociale \u00e0 Ixelles - Projet The Crown - Avec Artone et BAEB","robots":{"index":"index","follow":"follow","max-snippet":"max-snippet:-1","max-image-preview":"max-image-preview:large","max-video-preview":"max-video-preview:-1"},"canonical":"https:\/\/www.matriciel.be\/thecrown\/","og_locale":"en_US","og_type":"article","og_title":"Pose de la premi\u00e8re pierre du projet The Crown , r\u00e9sidence pour \u00e9tudiants \u00e0 Ixelles - MATRIciel","og_description":"MATRIciel by Oteis - R\u00e9sidence \u00e9tudiante d\u2019approximativement 200 unit\u00e9s \u00e0 finalit\u00e9 sociale \u00e0 Ixelles - Projet The Crown - Avec Artone et BAEB","og_url":"https:\/\/www.matriciel.be\/thecrown\/","og_site_name":"MATRIciel","article_published_time":"2024-04-17T11:56:20+00:00","og_image":[{"width":1016,"height":675,"url":"https:\/\/www.matriciel.be\/wp-content\/uploads\/2023\/08\/Image-Couronne-2.png","type":"image\/png"}],"author":"catherine","twitter_card":"summary_large_image","twitter_misc":{"Written by":"catherine","Est. reading time":"1 minute"},"schema":{"@context":"https:\/\/schema.org","@graph":[{"@type":"Article","@id":"https:\/\/www.matriciel.be\/thecrown\/#article","isPartOf":{"@id":"https:\/\/www.matriciel.be\/thecrown\/"},"author":{"name":"catherine","@id":"https:\/\/www.matriciel.be\/#\/schema\/person\/44a6df2b7f4b9aa38fd89d2a2e3036bf"},"headline":"Pose de la premi\u00e8re pierre du projet The Crown , r\u00e9sidence pour \u00e9tudiants \u00e0 Ixelles","datePublished":"2024-04-17T11:56:20+00:00","mainEntityOfPage":{"@id":"https:\/\/www.matriciel.be\/thecrown\/"},"wordCount":41,"image":{"@id":"https:\/\/www.matriciel.be\/thecrown\/#primaryimage"},"thumbnailUrl":"https:\/\/www.matriciel.be\/wp-content\/uploads\/2023\/08\/Image-Couronne-2.png","keywords":["BREEAM \"Excellent\"","Gestion de l'eau","PEB","Techniques sp\u00e9ciales"],"articleSection":["R\u00e9sidentiel"],"inLanguage":"en-US"},{"@type":"WebPage","@id":"https:\/\/www.matriciel.be\/thecrown\/","url":"https:\/\/www.matriciel.be\/thecrown\/","name":"Pose de la premi\u00e8re pierre du projet The Crown , r\u00e9sidence pour \u00e9tudiants \u00e0 Ixelles - MATRIciel","isPartOf":{"@id":"https:\/\/www.matriciel.be\/#website"},"primaryImageOfPage":{"@id":"https:\/\/www.matriciel.be\/thecrown\/#primaryimage"},"image":{"@id":"https:\/\/www.matriciel.be\/thecrown\/#primaryimage"},"thumbnailUrl":"https:\/\/www.matriciel.be\/wp-content\/uploads\/2023\/08\/Image-Couronne-2.png","datePublished":"2024-04-17T11:56:20+00:00","author":{"@id":"https:\/\/www.matriciel.be\/#\/schema\/person\/44a6df2b7f4b9aa38fd89d2a2e3036bf"},"description":"MATRIciel by Oteis - R\u00e9sidence \u00e9tudiante d\u2019approximativement 200 unit\u00e9s \u00e0 finalit\u00e9 sociale \u00e0 Ixelles - Projet The Crown - Avec Artone et BAEB","breadcrumb":{"@id":"https:\/\/www.matriciel.be\/thecrown\/#breadcrumb"},"inLanguage":"en-US","potentialAction":[{"@type":"ReadAction","target":["https:\/\/www.matriciel.be\/thecrown\/"]}]},{"@type":"ImageObject","inLanguage":"en-US","@id":"https:\/\/www.matriciel.be\/thecrown\/#primaryimage","url":"https:\/\/www.matriciel.be\/wp-content\/uploads\/2023\/08\/Image-Couronne-2.png","contentUrl":"https:\/\/www.matriciel.be\/wp-content\/uploads\/2023\/08\/Image-Couronne-2.png","width":1016,"height":675,"caption":"Guidance \u00e9nerg\u00e9tique et environnementale et mission TS pour le projet The Crown \u00e0 Ixelles"},{"@type":"BreadcrumbList","@id":"https:\/\/www.matriciel.be\/thecrown\/#breadcrumb","itemListElement":[{"@type":"ListItem","position":1,"name":"Accueil","item":"https:\/\/www.matriciel.be\/en\/"},{"@type":"ListItem","position":2,"name":"Pose de la premi\u00e8re pierre du projet The Crown , r\u00e9sidence pour \u00e9tudiants \u00e0 Ixelles"}]},{"@type":"WebSite","@id":"https:\/\/www.matriciel.be\/#website","url":"https:\/\/www.matriciel.be\/","name":"MATRIciel","description":"Bureau d&#039;\u00e9tude et de conseil en architecture durable","potentialAction":[{"@type":"SearchAction","target":{"@type":"EntryPoint","urlTemplate":"https:\/\/www.matriciel.be\/?s={search_term_string}"},"query-input":{"@type":"PropertyValueSpecification","valueRequired":true,"valueName":"search_term_string"}}],"inLanguage":"en-US"},{"@type":"Person","@id":"https:\/\/www.matriciel.be\/#\/schema\/person\/44a6df2b7f4b9aa38fd89d2a2e3036bf","name":"catherine"}]}},"jetpack_featured_media_url":"https:\/\/www.matriciel.be\/wp-content\/uploads\/2023\/08\/Image-Couronne-2.png","jetpack_shortlink":"https:\/\/wp.me\/s8HVJL-thecrown","jetpack_sharing_enabled":true,"_links":{"self":[{"href":"https:\/\/www.matriciel.be\/en\/wp-json\/wp\/v2\/posts\/20492","targetHints":{"allow":["GET"]}}],"collection":[{"href":"https:\/\/www.matriciel.be\/en\/wp-json\/wp\/v2\/posts"}],"about":[{"href":"https:\/\/www.matriciel.be\/en\/wp-json\/wp\/v2\/types\/post"}],"author":[{"embeddable":true,"href":"https:\/\/www.matriciel.be\/en\/wp-json\/wp\/v2\/users\/5"}],"replies":[{"embeddable":true,"href":"https:\/\/www.matriciel.be\/en\/wp-json\/wp\/v2\/comments?post=20492"}],"version-history":[{"count":4,"href":"https:\/\/www.matriciel.be\/en\/wp-json\/wp\/v2\/posts\/20492\/revisions"}],"predecessor-version":[{"id":20496,"href":"https:\/\/www.matriciel.be\/en\/wp-json\/wp\/v2\/posts\/20492\/revisions\/20496"}],"wp:featuredmedia":[{"embeddable":true,"href":"https:\/\/www.matriciel.be\/en\/wp-json\/wp\/v2\/media\/18117"}],"wp:attachment":[{"href":"https:\/\/www.matriciel.be\/en\/wp-json\/wp\/v2\/media?parent=20492"}],"wp:term":[{"taxonomy":"category","embeddable":true,"href":"https:\/\/www.matriciel.be\/en\/wp-json\/wp\/v2\/categories?post=20492"},{"taxonomy":"post_tag","embeddable":true,"href":"https:\/\/www.matriciel.be\/en\/wp-json\/wp\/v2\/tags?post=20492"}],"curies":[{"name":"wp","href":"https:\/\/api.w.org\/{rel}","templated":true}]}}