{"id":22071,"date":"2024-12-03T14:16:28","date_gmt":"2024-12-03T13:16:28","guid":{"rendered":"https:\/\/www.matriciel.be\/?p=22071"},"modified":"2024-12-11T08:41:26","modified_gmt":"2024-12-11T07:41:26","slug":"logomatriciel","status":"publish","type":"post","link":"https:\/\/www.matriciel.be\/en\/logomatriciel\/","title":{"rendered":"Nouveau logo pour MATRIciel by Oteis !"},"content":{"rendered":"<p>Le nouveau logo de MATRIciel by Oteis a \u00e9t\u00e9 pr\u00e9sent\u00e9 le mardi 26 novembre lors de l&#8217;afterwork qui rassemblait une centaine de personnes \u00e0 la <a href=\"https:\/\/www.tricoterie.be\/fr\/\" target=\"_blank\" rel=\"noopener\">Tricoterie<\/a>.<\/p>\n<p><img loading=\"lazy\" decoding=\"async\" class=\"aligncenter wp-image-22072 size-medium\" src=\"https:\/\/www.matriciel.be\/wp-content\/uploads\/2024\/12\/MATRIciel_Logo-DEF-300x108.png\" alt=\"Logo MATRIciel by Oteis\" width=\"300\" height=\"108\" srcset=\"https:\/\/www.matriciel.be\/wp-content\/uploads\/2024\/12\/MATRIciel_Logo-DEF-300x108.png 300w, https:\/\/www.matriciel.be\/wp-content\/uploads\/2024\/12\/MATRIciel_Logo-DEF-1024x369.png 1024w, https:\/\/www.matriciel.be\/wp-content\/uploads\/2024\/12\/MATRIciel_Logo-DEF-768x277.png 768w, https:\/\/www.matriciel.be\/wp-content\/uploads\/2024\/12\/MATRIciel_Logo-DEF.png 1135w\" sizes=\"auto, (max-width: 300px) 100vw, 300px\" \/><\/p>\n<p>Cette \u00e9v\u00e9nement a \u00e9t\u00e9 l&#8217;occasion de pr\u00e9senter les atouts que le rapprochement de MATRIciel et Oteis peut apporter \u00e0 nos clients et partenaires.<\/p>\n<p>D\u00e9couvrez la pr\u00e9sentation qui a \u00e9t\u00e9 faite par Rafi KOUYOUMDJIAN, PDG du groupe Oteis et Arnaud BERTRAND, directeur de MATRIciel by Oteis : <a href=\"https:\/\/www.matriciel.be\/wp-content\/uploads\/2024\/12\/Presentation-afterwork-MATRIciel-by-Oteis-2024.pdf\" target=\"_blank\" rel=\"noopener\">Pr\u00e9sentation afterwork MATRIciel by Oteis 2024<\/a><\/p>\n","protected":false},"excerpt":{"rendered":"<p>Le nouveau logo de MATRIciel by Oteis a \u00e9t\u00e9 pr\u00e9sent\u00e9 le mardi 26 novembre lors de l&#8217;afterwork qui rassemblait une centaine de personnes \u00e0 la Tricoterie. Cette \u00e9v\u00e9nement a \u00e9t\u00e9 l&#8217;occasion de pr\u00e9senter les atouts que le rapprochement de MATRIciel et Oteis peut apporter \u00e0 nos clients et partenaires. D\u00e9couvrez la pr\u00e9sentation qui a \u00e9t\u00e9&hellip;<\/p>\n","protected":false},"author":5,"featured_media":22084,"comment_status":"closed","ping_status":"closed","sticky":false,"template":"","format":"standard","meta":{"_jetpack_memberships_contains_paid_content":false,"footnotes":""},"categories":[54],"tags":[],"class_list":["post-22071","post","type-post","status-publish","format-standard","has-post-thumbnail","hentry","category-lequipe","category-54","description-off"],"yoast_head":"<!-- This site is optimized with the Yoast SEO plugin v27.5 - https:\/\/yoast.com\/product\/yoast-seo-wordpress\/ -->\n<title>Nouveau logo pour MATRIciel by Oteis ! - MATRIciel<\/title>\n<meta name=\"description\" content=\"Pr\u00e9sentation des atouts qu&#039;offre le rapprochement entre MATRIciel et Oteis, et d\u00e9couverte du nouveau logo de MATRIciel by Oteis\" \/>\n<meta name=\"robots\" content=\"index, follow, max-snippet:-1, max-image-preview:large, max-video-preview:-1\" \/>\n<link rel=\"canonical\" href=\"https:\/\/www.matriciel.be\/en\/logomatriciel\/\" \/>\n<meta property=\"og:locale\" content=\"en_US\" \/>\n<meta property=\"og:type\" content=\"article\" \/>\n<meta property=\"og:title\" content=\"Nouveau logo pour MATRIciel by Oteis ! - MATRIciel\" \/>\n<meta property=\"og:description\" content=\"Pr\u00e9sentation des atouts qu&#039;offre le rapprochement entre MATRIciel et Oteis, et d\u00e9couverte du nouveau logo de MATRIciel by Oteis\" \/>\n<meta property=\"og:url\" content=\"https:\/\/www.matriciel.be\/en\/logomatriciel\/\" \/>\n<meta property=\"og:site_name\" content=\"MATRIciel\" \/>\n<meta property=\"article:published_time\" content=\"2024-12-03T13:16:28+00:00\" \/>\n<meta property=\"article:modified_time\" content=\"2024-12-11T07:41:26+00:00\" \/>\n<meta property=\"og:image\" content=\"https:\/\/www.matriciel.be\/wp-content\/uploads\/2024\/12\/MATRIciel_Logo-pour-site.jpg\" \/>\n\t<meta property=\"og:image:width\" content=\"1140\" \/>\n\t<meta property=\"og:image:height\" content=\"1032\" \/>\n\t<meta property=\"og:image:type\" content=\"image\/jpeg\" \/>\n<meta name=\"author\" content=\"catherine\" \/>\n<meta name=\"twitter:card\" content=\"summary_large_image\" \/>\n<meta name=\"twitter:label1\" content=\"Written by\" \/>\n\t<meta name=\"twitter:data1\" content=\"catherine\" \/>\n\t<meta name=\"twitter:label2\" content=\"Est. reading time\" \/>\n\t<meta name=\"twitter:data2\" content=\"1 minute\" \/>\n<script type=\"application\/ld+json\" class=\"yoast-schema-graph\">{\"@context\":\"https:\\\/\\\/schema.org\",\"@graph\":[{\"@type\":\"Article\",\"@id\":\"https:\\\/\\\/www.matriciel.be\\\/en\\\/logomatriciel\\\/#article\",\"isPartOf\":{\"@id\":\"https:\\\/\\\/www.matriciel.be\\\/en\\\/logomatriciel\\\/\"},\"author\":{\"name\":\"catherine\",\"@id\":\"https:\\\/\\\/www.matriciel.be\\\/#\\\/schema\\\/person\\\/44a6df2b7f4b9aa38fd89d2a2e3036bf\"},\"headline\":\"Nouveau logo pour MATRIciel by Oteis !\",\"datePublished\":\"2024-12-03T13:16:28+00:00\",\"dateModified\":\"2024-12-11T07:41:26+00:00\",\"mainEntityOfPage\":{\"@id\":\"https:\\\/\\\/www.matriciel.be\\\/en\\\/logomatriciel\\\/\"},\"wordCount\":87,\"image\":{\"@id\":\"https:\\\/\\\/www.matriciel.be\\\/en\\\/logomatriciel\\\/#primaryimage\"},\"thumbnailUrl\":\"https:\\\/\\\/www.matriciel.be\\\/wp-content\\\/uploads\\\/2024\\\/12\\\/MATRIciel_Logo-pour-site.jpg\",\"articleSection\":[\"L'\u00e9quipe\"],\"inLanguage\":\"en-US\"},{\"@type\":\"WebPage\",\"@id\":\"https:\\\/\\\/www.matriciel.be\\\/en\\\/logomatriciel\\\/\",\"url\":\"https:\\\/\\\/www.matriciel.be\\\/en\\\/logomatriciel\\\/\",\"name\":\"Nouveau logo pour MATRIciel by Oteis ! - MATRIciel\",\"isPartOf\":{\"@id\":\"https:\\\/\\\/www.matriciel.be\\\/#website\"},\"primaryImageOfPage\":{\"@id\":\"https:\\\/\\\/www.matriciel.be\\\/en\\\/logomatriciel\\\/#primaryimage\"},\"image\":{\"@id\":\"https:\\\/\\\/www.matriciel.be\\\/en\\\/logomatriciel\\\/#primaryimage\"},\"thumbnailUrl\":\"https:\\\/\\\/www.matriciel.be\\\/wp-content\\\/uploads\\\/2024\\\/12\\\/MATRIciel_Logo-pour-site.jpg\",\"datePublished\":\"2024-12-03T13:16:28+00:00\",\"dateModified\":\"2024-12-11T07:41:26+00:00\",\"author\":{\"@id\":\"https:\\\/\\\/www.matriciel.be\\\/#\\\/schema\\\/person\\\/44a6df2b7f4b9aa38fd89d2a2e3036bf\"},\"description\":\"Pr\u00e9sentation des atouts qu'offre le rapprochement entre MATRIciel et Oteis, et d\u00e9couverte du nouveau logo de MATRIciel by Oteis\",\"breadcrumb\":{\"@id\":\"https:\\\/\\\/www.matriciel.be\\\/en\\\/logomatriciel\\\/#breadcrumb\"},\"inLanguage\":\"en-US\",\"potentialAction\":[{\"@type\":\"ReadAction\",\"target\":[\"https:\\\/\\\/www.matriciel.be\\\/en\\\/logomatriciel\\\/\"]}]},{\"@type\":\"ImageObject\",\"inLanguage\":\"en-US\",\"@id\":\"https:\\\/\\\/www.matriciel.be\\\/en\\\/logomatriciel\\\/#primaryimage\",\"url\":\"https:\\\/\\\/www.matriciel.be\\\/wp-content\\\/uploads\\\/2024\\\/12\\\/MATRIciel_Logo-pour-site.jpg\",\"contentUrl\":\"https:\\\/\\\/www.matriciel.be\\\/wp-content\\\/uploads\\\/2024\\\/12\\\/MATRIciel_Logo-pour-site.jpg\",\"width\":1140,\"height\":1032,\"caption\":\"Logo MATRIciel by Oteis\"},{\"@type\":\"BreadcrumbList\",\"@id\":\"https:\\\/\\\/www.matriciel.be\\\/en\\\/logomatriciel\\\/#breadcrumb\",\"itemListElement\":[{\"@type\":\"ListItem\",\"position\":1,\"name\":\"Accueil\",\"item\":\"https:\\\/\\\/www.matriciel.be\\\/en\\\/\"},{\"@type\":\"ListItem\",\"position\":2,\"name\":\"Nouveau logo pour MATRIciel by Oteis !\"}]},{\"@type\":\"WebSite\",\"@id\":\"https:\\\/\\\/www.matriciel.be\\\/#website\",\"url\":\"https:\\\/\\\/www.matriciel.be\\\/\",\"name\":\"MATRIciel\",\"description\":\"Bureau d&#039;\u00e9tude et de conseil en architecture durable\",\"potentialAction\":[{\"@type\":\"SearchAction\",\"target\":{\"@type\":\"EntryPoint\",\"urlTemplate\":\"https:\\\/\\\/www.matriciel.be\\\/?s={search_term_string}\"},\"query-input\":{\"@type\":\"PropertyValueSpecification\",\"valueRequired\":true,\"valueName\":\"search_term_string\"}}],\"inLanguage\":\"en-US\"},{\"@type\":\"Person\",\"@id\":\"https:\\\/\\\/www.matriciel.be\\\/#\\\/schema\\\/person\\\/44a6df2b7f4b9aa38fd89d2a2e3036bf\",\"name\":\"catherine\"}]}<\/script>\n<!-- \/ Yoast SEO plugin. -->","yoast_head_json":{"title":"Nouveau logo pour MATRIciel by Oteis ! - MATRIciel","description":"Pr\u00e9sentation des atouts qu'offre le rapprochement entre MATRIciel et Oteis, et d\u00e9couverte du nouveau logo de MATRIciel by Oteis","robots":{"index":"index","follow":"follow","max-snippet":"max-snippet:-1","max-image-preview":"max-image-preview:large","max-video-preview":"max-video-preview:-1"},"canonical":"https:\/\/www.matriciel.be\/en\/logomatriciel\/","og_locale":"en_US","og_type":"article","og_title":"Nouveau logo pour MATRIciel by Oteis ! - MATRIciel","og_description":"Pr\u00e9sentation des atouts qu'offre le rapprochement entre MATRIciel et Oteis, et d\u00e9couverte du nouveau logo de MATRIciel by Oteis","og_url":"https:\/\/www.matriciel.be\/en\/logomatriciel\/","og_site_name":"MATRIciel","article_published_time":"2024-12-03T13:16:28+00:00","article_modified_time":"2024-12-11T07:41:26+00:00","og_image":[{"width":1140,"height":1032,"url":"https:\/\/www.matriciel.be\/wp-content\/uploads\/2024\/12\/MATRIciel_Logo-pour-site.jpg","type":"image\/jpeg"}],"author":"catherine","twitter_card":"summary_large_image","twitter_misc":{"Written by":"catherine","Est. reading time":"1 minute"},"schema":{"@context":"https:\/\/schema.org","@graph":[{"@type":"Article","@id":"https:\/\/www.matriciel.be\/en\/logomatriciel\/#article","isPartOf":{"@id":"https:\/\/www.matriciel.be\/en\/logomatriciel\/"},"author":{"name":"catherine","@id":"https:\/\/www.matriciel.be\/#\/schema\/person\/44a6df2b7f4b9aa38fd89d2a2e3036bf"},"headline":"Nouveau logo pour MATRIciel by Oteis !","datePublished":"2024-12-03T13:16:28+00:00","dateModified":"2024-12-11T07:41:26+00:00","mainEntityOfPage":{"@id":"https:\/\/www.matriciel.be\/en\/logomatriciel\/"},"wordCount":87,"image":{"@id":"https:\/\/www.matriciel.be\/en\/logomatriciel\/#primaryimage"},"thumbnailUrl":"https:\/\/www.matriciel.be\/wp-content\/uploads\/2024\/12\/MATRIciel_Logo-pour-site.jpg","articleSection":["L'\u00e9quipe"],"inLanguage":"en-US"},{"@type":"WebPage","@id":"https:\/\/www.matriciel.be\/en\/logomatriciel\/","url":"https:\/\/www.matriciel.be\/en\/logomatriciel\/","name":"Nouveau logo pour MATRIciel by Oteis ! - MATRIciel","isPartOf":{"@id":"https:\/\/www.matriciel.be\/#website"},"primaryImageOfPage":{"@id":"https:\/\/www.matriciel.be\/en\/logomatriciel\/#primaryimage"},"image":{"@id":"https:\/\/www.matriciel.be\/en\/logomatriciel\/#primaryimage"},"thumbnailUrl":"https:\/\/www.matriciel.be\/wp-content\/uploads\/2024\/12\/MATRIciel_Logo-pour-site.jpg","datePublished":"2024-12-03T13:16:28+00:00","dateModified":"2024-12-11T07:41:26+00:00","author":{"@id":"https:\/\/www.matriciel.be\/#\/schema\/person\/44a6df2b7f4b9aa38fd89d2a2e3036bf"},"description":"Pr\u00e9sentation des atouts qu'offre le rapprochement entre MATRIciel et Oteis, et d\u00e9couverte du nouveau logo de MATRIciel by Oteis","breadcrumb":{"@id":"https:\/\/www.matriciel.be\/en\/logomatriciel\/#breadcrumb"},"inLanguage":"en-US","potentialAction":[{"@type":"ReadAction","target":["https:\/\/www.matriciel.be\/en\/logomatriciel\/"]}]},{"@type":"ImageObject","inLanguage":"en-US","@id":"https:\/\/www.matriciel.be\/en\/logomatriciel\/#primaryimage","url":"https:\/\/www.matriciel.be\/wp-content\/uploads\/2024\/12\/MATRIciel_Logo-pour-site.jpg","contentUrl":"https:\/\/www.matriciel.be\/wp-content\/uploads\/2024\/12\/MATRIciel_Logo-pour-site.jpg","width":1140,"height":1032,"caption":"Logo MATRIciel by Oteis"},{"@type":"BreadcrumbList","@id":"https:\/\/www.matriciel.be\/en\/logomatriciel\/#breadcrumb","itemListElement":[{"@type":"ListItem","position":1,"name":"Accueil","item":"https:\/\/www.matriciel.be\/en\/"},{"@type":"ListItem","position":2,"name":"Nouveau logo pour MATRIciel by Oteis !"}]},{"@type":"WebSite","@id":"https:\/\/www.matriciel.be\/#website","url":"https:\/\/www.matriciel.be\/","name":"MATRIciel","description":"Bureau d&#039;\u00e9tude et de conseil en architecture durable","potentialAction":[{"@type":"SearchAction","target":{"@type":"EntryPoint","urlTemplate":"https:\/\/www.matriciel.be\/?s={search_term_string}"},"query-input":{"@type":"PropertyValueSpecification","valueRequired":true,"valueName":"search_term_string"}}],"inLanguage":"en-US"},{"@type":"Person","@id":"https:\/\/www.matriciel.be\/#\/schema\/person\/44a6df2b7f4b9aa38fd89d2a2e3036bf","name":"catherine"}]}},"jetpack_featured_media_url":"https:\/\/www.matriciel.be\/wp-content\/uploads\/2024\/12\/MATRIciel_Logo-pour-site.jpg","jetpack_shortlink":"https:\/\/wp.me\/p8HVJL-5JZ","jetpack_sharing_enabled":true,"_links":{"self":[{"href":"https:\/\/www.matriciel.be\/en\/wp-json\/wp\/v2\/posts\/22071","targetHints":{"allow":["GET"]}}],"collection":[{"href":"https:\/\/www.matriciel.be\/en\/wp-json\/wp\/v2\/posts"}],"about":[{"href":"https:\/\/www.matriciel.be\/en\/wp-json\/wp\/v2\/types\/post"}],"author":[{"embeddable":true,"href":"https:\/\/www.matriciel.be\/en\/wp-json\/wp\/v2\/users\/5"}],"replies":[{"embeddable":true,"href":"https:\/\/www.matriciel.be\/en\/wp-json\/wp\/v2\/comments?post=22071"}],"version-history":[{"count":6,"href":"https:\/\/www.matriciel.be\/en\/wp-json\/wp\/v2\/posts\/22071\/revisions"}],"predecessor-version":[{"id":22122,"href":"https:\/\/www.matriciel.be\/en\/wp-json\/wp\/v2\/posts\/22071\/revisions\/22122"}],"wp:featuredmedia":[{"embeddable":true,"href":"https:\/\/www.matriciel.be\/en\/wp-json\/wp\/v2\/media\/22084"}],"wp:attachment":[{"href":"https:\/\/www.matriciel.be\/en\/wp-json\/wp\/v2\/media?parent=22071"}],"wp:term":[{"taxonomy":"category","embeddable":true,"href":"https:\/\/www.matriciel.be\/en\/wp-json\/wp\/v2\/categories?post=22071"},{"taxonomy":"post_tag","embeddable":true,"href":"https:\/\/www.matriciel.be\/en\/wp-json\/wp\/v2\/tags?post=22071"}],"curies":[{"name":"wp","href":"https:\/\/api.w.org\/{rel}","templated":true}]}}