{"id":3885,"date":"2020-05-19T15:34:16","date_gmt":"2020-05-19T13:34:16","guid":{"rendered":"https:\/\/agencepoush-newmatriciel.pf503.wpserveur.net\/?p=3885"},"modified":"2020-05-19T15:34:19","modified_gmt":"2020-05-19T13:34:19","slug":"hvac","status":"publish","type":"post","link":"https:\/\/www.matriciel.be\/en\/hvac\/","title":{"rendered":"Pr\u00e9cautions HVAC en temps de pand\u00e9mie"},"content":{"rendered":"\n<p>Face \u00e0 la crise du Covid-19 et au retour progressif au travail, le p\u00f4le Techniques Sp\u00e9ciales de MATRI<em>ciel <\/em> est de plus en plus fr\u00e9quemment interrog\u00e9 par les services du b\u00e2timent de nos clients pour savoir quelles actions prendre afin de pr\u00e9venir la propagation du coronavirus sur les lieux de travail. <\/p>\n\n\n\n<p>Les experts de la f\u00e9d\u00e9ration des associations europ\u00e9ennes pour le chauffage, la ventilation et la climatisation (<a rel=\"noreferrer noopener\" href=\"https:\/\/www.rehva.eu\/\" target=\"_blank\">REHVA<\/a>) ont r\u00e9dig\u00e9 \u00e0 ce sujet un guide de recommandations pratiques pour l&#8217;exploitation des installations HVAC.<\/p>\n\n\n\n<p>Ce document couvre les pr\u00e9cautions li\u00e9es au b\u00e2timent et explique certaines r\u00e9actions excessives courantes. Les orientations sont ax\u00e9es sur des mesures temporaires et faciles \u00e0 organiser qui peuvent \u00eatre mises en \u0153uvre dans les b\u00e2timents existants qui sont toujours utilis\u00e9s avec des taux d&#8217;occupation normaux. <\/p>\n\n\n\n<p>Nous restons bien \u00e9videmment \u00e0 votre disposition pour toute question !<\/p>\n","protected":false},"excerpt":{"rendered":"<p>Face \u00e0 la crise du Covid-19 et au retour progressif au travail, le p\u00f4le Techniques Sp\u00e9ciales de MATRIciel est de plus en plus fr\u00e9quemment interrog\u00e9 par les services du b\u00e2timent de nos clients pour savoir quelles actions prendre afin de pr\u00e9venir la propagation du coronavirus sur les lieux de travail. Les experts de la f\u00e9d\u00e9ration&hellip;<\/p>\n","protected":false},"author":5,"featured_media":3887,"comment_status":"closed","ping_status":"closed","sticky":false,"template":"","format":"standard","meta":{"_jetpack_memberships_contains_paid_content":false,"footnotes":""},"categories":[132],"tags":[168,77],"class_list":["post-3885","post","type-post","status-publish","format-standard","has-post-thumbnail","hentry","category-metier","tag-hvac","tag-techniques-speciales","category-132","description-off"],"yoast_head":"<!-- This site is optimized with the Yoast SEO plugin v27.5 - https:\/\/yoast.com\/product\/yoast-seo-wordpress\/ -->\n<title>Pr\u00e9cautions HVAC en temps de pand\u00e9mie - MATRIciel<\/title>\n<meta name=\"robots\" content=\"index, follow, max-snippet:-1, max-image-preview:large, max-video-preview:-1\" \/>\n<link rel=\"canonical\" href=\"https:\/\/www.matriciel.be\/hvac\/\" \/>\n<meta property=\"og:locale\" content=\"en_US\" \/>\n<meta property=\"og:type\" content=\"article\" \/>\n<meta property=\"og:title\" content=\"Pr\u00e9cautions HVAC en temps de pand\u00e9mie - MATRIciel\" \/>\n<meta property=\"og:description\" content=\"Face \u00e0 la crise du Covid-19 et au retour progressif au travail, le p\u00f4le Techniques Sp\u00e9ciales de MATRIciel est de plus en plus fr\u00e9quemment interrog\u00e9 par les services du b\u00e2timent de nos clients pour savoir quelles actions prendre afin de pr\u00e9venir la propagation du coronavirus sur les lieux de travail. Les experts de la f\u00e9d\u00e9ration&hellip;\" \/>\n<meta property=\"og:url\" content=\"https:\/\/www.matriciel.be\/hvac\/\" \/>\n<meta property=\"og:site_name\" content=\"MATRIciel\" \/>\n<meta property=\"article:published_time\" content=\"2020-05-19T13:34:16+00:00\" \/>\n<meta property=\"article:modified_time\" content=\"2020-05-19T13:34:19+00:00\" \/>\n<meta property=\"og:image\" content=\"https:\/\/www.matriciel.be\/wp-content\/uploads\/2020\/05\/20200519-Ventilation-contre-Covid19.jpg\" \/>\n\t<meta property=\"og:image:width\" content=\"1175\" \/>\n\t<meta property=\"og:image:height\" content=\"760\" \/>\n\t<meta property=\"og:image:type\" content=\"image\/jpeg\" \/>\n<meta name=\"author\" content=\"catherine\" \/>\n<meta name=\"twitter:card\" content=\"summary_large_image\" \/>\n<meta name=\"twitter:label1\" content=\"Written by\" \/>\n\t<meta name=\"twitter:data1\" content=\"catherine\" \/>\n\t<meta name=\"twitter:label2\" content=\"Est. reading time\" \/>\n\t<meta name=\"twitter:data2\" content=\"1 minute\" \/>\n<script type=\"application\/ld+json\" class=\"yoast-schema-graph\">{\"@context\":\"https:\\\/\\\/schema.org\",\"@graph\":[{\"@type\":\"Article\",\"@id\":\"https:\\\/\\\/www.matriciel.be\\\/hvac\\\/#article\",\"isPartOf\":{\"@id\":\"https:\\\/\\\/www.matriciel.be\\\/hvac\\\/\"},\"author\":{\"name\":\"catherine\",\"@id\":\"https:\\\/\\\/www.matriciel.be\\\/#\\\/schema\\\/person\\\/44a6df2b7f4b9aa38fd89d2a2e3036bf\"},\"headline\":\"Pr\u00e9cautions HVAC en temps de pand\u00e9mie\",\"datePublished\":\"2020-05-19T13:34:16+00:00\",\"dateModified\":\"2020-05-19T13:34:19+00:00\",\"mainEntityOfPage\":{\"@id\":\"https:\\\/\\\/www.matriciel.be\\\/hvac\\\/\"},\"wordCount\":159,\"image\":{\"@id\":\"https:\\\/\\\/www.matriciel.be\\\/hvac\\\/#primaryimage\"},\"thumbnailUrl\":\"https:\\\/\\\/www.matriciel.be\\\/wp-content\\\/uploads\\\/2020\\\/05\\\/20200519-Ventilation-contre-Covid19.jpg\",\"keywords\":[\"HVAC\",\"Techniques sp\u00e9ciales\"],\"articleSection\":[\"M\u00e9tier\"],\"inLanguage\":\"en-US\"},{\"@type\":\"WebPage\",\"@id\":\"https:\\\/\\\/www.matriciel.be\\\/hvac\\\/\",\"url\":\"https:\\\/\\\/www.matriciel.be\\\/hvac\\\/\",\"name\":\"Pr\u00e9cautions HVAC en temps de pand\u00e9mie - MATRIciel\",\"isPartOf\":{\"@id\":\"https:\\\/\\\/www.matriciel.be\\\/#website\"},\"primaryImageOfPage\":{\"@id\":\"https:\\\/\\\/www.matriciel.be\\\/hvac\\\/#primaryimage\"},\"image\":{\"@id\":\"https:\\\/\\\/www.matriciel.be\\\/hvac\\\/#primaryimage\"},\"thumbnailUrl\":\"https:\\\/\\\/www.matriciel.be\\\/wp-content\\\/uploads\\\/2020\\\/05\\\/20200519-Ventilation-contre-Covid19.jpg\",\"datePublished\":\"2020-05-19T13:34:16+00:00\",\"dateModified\":\"2020-05-19T13:34:19+00:00\",\"author\":{\"@id\":\"https:\\\/\\\/www.matriciel.be\\\/#\\\/schema\\\/person\\\/44a6df2b7f4b9aa38fd89d2a2e3036bf\"},\"breadcrumb\":{\"@id\":\"https:\\\/\\\/www.matriciel.be\\\/hvac\\\/#breadcrumb\"},\"inLanguage\":\"en-US\",\"potentialAction\":[{\"@type\":\"ReadAction\",\"target\":[\"https:\\\/\\\/www.matriciel.be\\\/hvac\\\/\"]}]},{\"@type\":\"ImageObject\",\"inLanguage\":\"en-US\",\"@id\":\"https:\\\/\\\/www.matriciel.be\\\/hvac\\\/#primaryimage\",\"url\":\"https:\\\/\\\/www.matriciel.be\\\/wp-content\\\/uploads\\\/2020\\\/05\\\/20200519-Ventilation-contre-Covid19.jpg\",\"contentUrl\":\"https:\\\/\\\/www.matriciel.be\\\/wp-content\\\/uploads\\\/2020\\\/05\\\/20200519-Ventilation-contre-Covid19.jpg\",\"width\":1175,\"height\":760,\"caption\":\"Pr\u00e9cautions HVAC Covid-19\"},{\"@type\":\"BreadcrumbList\",\"@id\":\"https:\\\/\\\/www.matriciel.be\\\/hvac\\\/#breadcrumb\",\"itemListElement\":[{\"@type\":\"ListItem\",\"position\":1,\"name\":\"Accueil\",\"item\":\"https:\\\/\\\/www.matriciel.be\\\/en\\\/\"},{\"@type\":\"ListItem\",\"position\":2,\"name\":\"Pr\u00e9cautions HVAC en temps de pand\u00e9mie\"}]},{\"@type\":\"WebSite\",\"@id\":\"https:\\\/\\\/www.matriciel.be\\\/#website\",\"url\":\"https:\\\/\\\/www.matriciel.be\\\/\",\"name\":\"MATRIciel\",\"description\":\"Bureau d&#039;\u00e9tude et de conseil en architecture durable\",\"potentialAction\":[{\"@type\":\"SearchAction\",\"target\":{\"@type\":\"EntryPoint\",\"urlTemplate\":\"https:\\\/\\\/www.matriciel.be\\\/?s={search_term_string}\"},\"query-input\":{\"@type\":\"PropertyValueSpecification\",\"valueRequired\":true,\"valueName\":\"search_term_string\"}}],\"inLanguage\":\"en-US\"},{\"@type\":\"Person\",\"@id\":\"https:\\\/\\\/www.matriciel.be\\\/#\\\/schema\\\/person\\\/44a6df2b7f4b9aa38fd89d2a2e3036bf\",\"name\":\"catherine\"}]}<\/script>\n<!-- \/ Yoast SEO plugin. -->","yoast_head_json":{"title":"Pr\u00e9cautions HVAC en temps de pand\u00e9mie - MATRIciel","robots":{"index":"index","follow":"follow","max-snippet":"max-snippet:-1","max-image-preview":"max-image-preview:large","max-video-preview":"max-video-preview:-1"},"canonical":"https:\/\/www.matriciel.be\/hvac\/","og_locale":"en_US","og_type":"article","og_title":"Pr\u00e9cautions HVAC en temps de pand\u00e9mie - MATRIciel","og_description":"Face \u00e0 la crise du Covid-19 et au retour progressif au travail, le p\u00f4le Techniques Sp\u00e9ciales de MATRIciel est de plus en plus fr\u00e9quemment interrog\u00e9 par les services du b\u00e2timent de nos clients pour savoir quelles actions prendre afin de pr\u00e9venir la propagation du coronavirus sur les lieux de travail. Les experts de la f\u00e9d\u00e9ration&hellip;","og_url":"https:\/\/www.matriciel.be\/hvac\/","og_site_name":"MATRIciel","article_published_time":"2020-05-19T13:34:16+00:00","article_modified_time":"2020-05-19T13:34:19+00:00","og_image":[{"width":1175,"height":760,"url":"https:\/\/www.matriciel.be\/wp-content\/uploads\/2020\/05\/20200519-Ventilation-contre-Covid19.jpg","type":"image\/jpeg"}],"author":"catherine","twitter_card":"summary_large_image","twitter_misc":{"Written by":"catherine","Est. reading time":"1 minute"},"schema":{"@context":"https:\/\/schema.org","@graph":[{"@type":"Article","@id":"https:\/\/www.matriciel.be\/hvac\/#article","isPartOf":{"@id":"https:\/\/www.matriciel.be\/hvac\/"},"author":{"name":"catherine","@id":"https:\/\/www.matriciel.be\/#\/schema\/person\/44a6df2b7f4b9aa38fd89d2a2e3036bf"},"headline":"Pr\u00e9cautions HVAC en temps de pand\u00e9mie","datePublished":"2020-05-19T13:34:16+00:00","dateModified":"2020-05-19T13:34:19+00:00","mainEntityOfPage":{"@id":"https:\/\/www.matriciel.be\/hvac\/"},"wordCount":159,"image":{"@id":"https:\/\/www.matriciel.be\/hvac\/#primaryimage"},"thumbnailUrl":"https:\/\/www.matriciel.be\/wp-content\/uploads\/2020\/05\/20200519-Ventilation-contre-Covid19.jpg","keywords":["HVAC","Techniques sp\u00e9ciales"],"articleSection":["M\u00e9tier"],"inLanguage":"en-US"},{"@type":"WebPage","@id":"https:\/\/www.matriciel.be\/hvac\/","url":"https:\/\/www.matriciel.be\/hvac\/","name":"Pr\u00e9cautions HVAC en temps de pand\u00e9mie - MATRIciel","isPartOf":{"@id":"https:\/\/www.matriciel.be\/#website"},"primaryImageOfPage":{"@id":"https:\/\/www.matriciel.be\/hvac\/#primaryimage"},"image":{"@id":"https:\/\/www.matriciel.be\/hvac\/#primaryimage"},"thumbnailUrl":"https:\/\/www.matriciel.be\/wp-content\/uploads\/2020\/05\/20200519-Ventilation-contre-Covid19.jpg","datePublished":"2020-05-19T13:34:16+00:00","dateModified":"2020-05-19T13:34:19+00:00","author":{"@id":"https:\/\/www.matriciel.be\/#\/schema\/person\/44a6df2b7f4b9aa38fd89d2a2e3036bf"},"breadcrumb":{"@id":"https:\/\/www.matriciel.be\/hvac\/#breadcrumb"},"inLanguage":"en-US","potentialAction":[{"@type":"ReadAction","target":["https:\/\/www.matriciel.be\/hvac\/"]}]},{"@type":"ImageObject","inLanguage":"en-US","@id":"https:\/\/www.matriciel.be\/hvac\/#primaryimage","url":"https:\/\/www.matriciel.be\/wp-content\/uploads\/2020\/05\/20200519-Ventilation-contre-Covid19.jpg","contentUrl":"https:\/\/www.matriciel.be\/wp-content\/uploads\/2020\/05\/20200519-Ventilation-contre-Covid19.jpg","width":1175,"height":760,"caption":"Pr\u00e9cautions HVAC Covid-19"},{"@type":"BreadcrumbList","@id":"https:\/\/www.matriciel.be\/hvac\/#breadcrumb","itemListElement":[{"@type":"ListItem","position":1,"name":"Accueil","item":"https:\/\/www.matriciel.be\/en\/"},{"@type":"ListItem","position":2,"name":"Pr\u00e9cautions HVAC en temps de pand\u00e9mie"}]},{"@type":"WebSite","@id":"https:\/\/www.matriciel.be\/#website","url":"https:\/\/www.matriciel.be\/","name":"MATRIciel","description":"Bureau d&#039;\u00e9tude et de conseil en architecture durable","potentialAction":[{"@type":"SearchAction","target":{"@type":"EntryPoint","urlTemplate":"https:\/\/www.matriciel.be\/?s={search_term_string}"},"query-input":{"@type":"PropertyValueSpecification","valueRequired":true,"valueName":"search_term_string"}}],"inLanguage":"en-US"},{"@type":"Person","@id":"https:\/\/www.matriciel.be\/#\/schema\/person\/44a6df2b7f4b9aa38fd89d2a2e3036bf","name":"catherine"}]}},"jetpack_featured_media_url":"https:\/\/www.matriciel.be\/wp-content\/uploads\/2020\/05\/20200519-Ventilation-contre-Covid19.jpg","jetpack_shortlink":"https:\/\/wp.me\/s8HVJL-hvac","jetpack_sharing_enabled":true,"_links":{"self":[{"href":"https:\/\/www.matriciel.be\/en\/wp-json\/wp\/v2\/posts\/3885","targetHints":{"allow":["GET"]}}],"collection":[{"href":"https:\/\/www.matriciel.be\/en\/wp-json\/wp\/v2\/posts"}],"about":[{"href":"https:\/\/www.matriciel.be\/en\/wp-json\/wp\/v2\/types\/post"}],"author":[{"embeddable":true,"href":"https:\/\/www.matriciel.be\/en\/wp-json\/wp\/v2\/users\/5"}],"replies":[{"embeddable":true,"href":"https:\/\/www.matriciel.be\/en\/wp-json\/wp\/v2\/comments?post=3885"}],"version-history":[{"count":1,"href":"https:\/\/www.matriciel.be\/en\/wp-json\/wp\/v2\/posts\/3885\/revisions"}],"predecessor-version":[{"id":3886,"href":"https:\/\/www.matriciel.be\/en\/wp-json\/wp\/v2\/posts\/3885\/revisions\/3886"}],"wp:featuredmedia":[{"embeddable":true,"href":"https:\/\/www.matriciel.be\/en\/wp-json\/wp\/v2\/media\/3887"}],"wp:attachment":[{"href":"https:\/\/www.matriciel.be\/en\/wp-json\/wp\/v2\/media?parent=3885"}],"wp:term":[{"taxonomy":"category","embeddable":true,"href":"https:\/\/www.matriciel.be\/en\/wp-json\/wp\/v2\/categories?post=3885"},{"taxonomy":"post_tag","embeddable":true,"href":"https:\/\/www.matriciel.be\/en\/wp-json\/wp\/v2\/tags?post=3885"}],"curies":[{"name":"wp","href":"https:\/\/api.w.org\/{rel}","templated":true}]}}