{"id":8287,"date":"2025-01-10T09:21:11","date_gmt":"2025-01-10T08:21:11","guid":{"rendered":"https:\/\/www.matriciel.be\/?p=8287"},"modified":"2025-02-05T11:02:21","modified_gmt":"2025-02-05T10:02:21","slug":"essenciel-2025","status":"publish","type":"post","link":"https:\/\/www.matriciel.be\/en\/essenciel-2025\/","title":{"rendered":"L&#8217;ESSENciel de MATRIciel : le programme S1 2025"},"content":{"rendered":"<h3>MATRI<em>CIEL<\/em> PARTAGE AVEC SES PARTENAIRES SA VISION DE LA CONSTRUCTION FRUGALE<\/h3>\n<p>Nous sommes heureux de vous pr\u00e9senter la programmation des prochaines s\u00e9ances d\u2019information que nous organisons mensuellement \u00e0 destination de nos partenaires.<\/p>\n<p>Nous y partageons notre vision d\u2019un sujet technique li\u00e9 \u00e0 la construction frugale. Ces \u00e9changes contribuent ainsi \u00e0 l\u2019am\u00e9lioration de nos projets communs.<\/p>\n<p>Modalit\u00e9s pratiques :<\/p>\n<ul>\n<li>Un jeudi de 12h30 \u00e0 14h00<\/li>\n<li>En ligne via une connexion Teams<\/li>\n<li>Gratuit \u2013 Inscription pr\u00e9alable au 010 24 15 70 ou par mail (<a href=\"mailto:catherine.fabry@matriciel.oteis.be\">catherine.fabry@matriciel.oteis.be<\/a>)<\/li>\n<\/ul>\n<p>Les sujets abord\u00e9s au premier semestre 2025 :<\/p>\n<figure class=\"wp-block-table\">\n<table>\n<tbody>\n<tr>\n<td>Jeudi 20 f\u00e9vrier<\/td>\n<td>La <strong>gestion int\u00e9gr\u00e9e de l\u2019eau de pluie<\/strong>, du bassin versant \u00e0 la parcelle (reprise am\u00e9lior\u00e9e de l\u2019ESSENciel de mai 2023)<\/td>\n<\/tr>\n<tr>\n<td>Jeudi 20 mars<\/td>\n<td>&#8220;<strong>Chantier durable<\/strong>&#8220;, &#8220;<strong>Chantier vert<\/strong>&#8220;, \u2026 comment r\u00e9duire l\u2019impact environnemental de vos chantiers ?<\/td>\n<\/tr>\n<tr>\n<td>Jeudi 24 avril<\/td>\n<td>La <strong>r\u00e9gulation raisonn\u00e9e<\/strong> des b\u00e2timents<\/td>\n<\/tr>\n<tr>\n<td>Jeudi 22 mai<\/td>\n<td>Le nouveau r\u00e9f\u00e9rentiel <strong>BREEAM<\/strong> adapt\u00e9 au <strong>DNSH<\/strong><\/td>\n<\/tr>\n<\/tbody>\n<\/table>\n<\/figure>\n<p>** Si vous souhaitez voir aborder un sujet qui ne se trouve pas dans cette liste, n\u2019h\u00e9sitez pas \u00e0 nous contacter.<\/p>\n","protected":false},"excerpt":{"rendered":"<p>MATRICIEL PARTAGE AVEC SES PARTENAIRES SA VISION DE LA CONSTRUCTION FRUGALE Nous sommes heureux de vous pr\u00e9senter la programmation des prochaines s\u00e9ances d\u2019information que nous organisons mensuellement \u00e0 destination de nos partenaires. Nous y partageons notre vision d\u2019un sujet technique li\u00e9 \u00e0 la construction frugale. Ces \u00e9changes contribuent ainsi \u00e0 l\u2019am\u00e9lioration de nos projets communs.&hellip;<\/p>\n","protected":false},"author":5,"featured_media":22562,"comment_status":"closed","ping_status":"closed","sticky":false,"template":"","format":"standard","meta":{"_jetpack_memberships_contains_paid_content":false,"footnotes":""},"categories":[100,54,148,132],"tags":[258],"class_list":["post-8287","post","type-post","status-publish","format-standard","has-post-thumbnail","hentry","category-formations","category-lequipe","category-low-tech","category-metier","tag-essenciel","category-100","category-54","category-148","category-132","description-off"],"yoast_head":"<!-- This site is optimized with the Yoast SEO plugin v27.5 - https:\/\/yoast.com\/product\/yoast-seo-wordpress\/ -->\n<title>L&#039;ESSENciel de MATRIciel : le programme S1 2025 - MATRIciel<\/title>\n<meta name=\"description\" content=\"Programme ESSENciel de MATRIciel : chaque mois, venez \u00e9changer avec nos experts au sujet de la frugalit\u00e9 de la construction\" \/>\n<meta name=\"robots\" content=\"index, follow, max-snippet:-1, max-image-preview:large, max-video-preview:-1\" \/>\n<link rel=\"canonical\" href=\"https:\/\/www.matriciel.be\/essenciel-2025\/\" \/>\n<meta property=\"og:locale\" content=\"en_US\" \/>\n<meta property=\"og:type\" content=\"article\" \/>\n<meta property=\"og:title\" content=\"L&#039;ESSENciel de MATRIciel : le programme S1 2025 - MATRIciel\" \/>\n<meta property=\"og:description\" content=\"Programme ESSENciel de MATRIciel : chaque mois, venez \u00e9changer avec nos experts au sujet de la frugalit\u00e9 de la construction\" \/>\n<meta property=\"og:url\" content=\"https:\/\/www.matriciel.be\/essenciel-2025\/\" \/>\n<meta property=\"og:site_name\" content=\"MATRIciel\" \/>\n<meta property=\"article:published_time\" content=\"2025-01-10T08:21:11+00:00\" \/>\n<meta property=\"article:modified_time\" content=\"2025-02-05T10:02:21+00:00\" \/>\n<meta property=\"og:image\" content=\"https:\/\/www.matriciel.be\/wp-content\/uploads\/2025\/01\/ESSENciel-Photo-Programme-1er-semestre-2025.jpg\" \/>\n\t<meta property=\"og:image:width\" content=\"796\" \/>\n\t<meta property=\"og:image:height\" content=\"679\" \/>\n\t<meta property=\"og:image:type\" content=\"image\/jpeg\" \/>\n<meta name=\"author\" content=\"catherine\" \/>\n<meta name=\"twitter:card\" content=\"summary_large_image\" \/>\n<meta name=\"twitter:label1\" content=\"Written by\" \/>\n\t<meta name=\"twitter:data1\" content=\"catherine\" \/>\n\t<meta name=\"twitter:label2\" content=\"Est. reading time\" \/>\n\t<meta name=\"twitter:data2\" content=\"2 minutes\" \/>\n<script type=\"application\/ld+json\" class=\"yoast-schema-graph\">{\"@context\":\"https:\\\/\\\/schema.org\",\"@graph\":[{\"@type\":\"Article\",\"@id\":\"https:\\\/\\\/www.matriciel.be\\\/essenciel-2025\\\/#article\",\"isPartOf\":{\"@id\":\"https:\\\/\\\/www.matriciel.be\\\/essenciel-2025\\\/\"},\"author\":{\"name\":\"catherine\",\"@id\":\"https:\\\/\\\/www.matriciel.be\\\/#\\\/schema\\\/person\\\/44a6df2b7f4b9aa38fd89d2a2e3036bf\"},\"headline\":\"L&#8217;ESSENciel de MATRIciel : le programme S1 2025\",\"datePublished\":\"2025-01-10T08:21:11+00:00\",\"dateModified\":\"2025-02-05T10:02:21+00:00\",\"mainEntityOfPage\":{\"@id\":\"https:\\\/\\\/www.matriciel.be\\\/essenciel-2025\\\/\"},\"wordCount\":183,\"image\":{\"@id\":\"https:\\\/\\\/www.matriciel.be\\\/essenciel-2025\\\/#primaryimage\"},\"thumbnailUrl\":\"https:\\\/\\\/www.matriciel.be\\\/wp-content\\\/uploads\\\/2025\\\/01\\\/ESSENciel-Photo-Programme-1er-semestre-2025.jpg\",\"keywords\":[\"ESSENciel\"],\"articleSection\":[\"Formations\",\"L'\u00e9quipe\",\"Low Tech\",\"M\u00e9tier\"],\"inLanguage\":\"en-US\"},{\"@type\":\"WebPage\",\"@id\":\"https:\\\/\\\/www.matriciel.be\\\/essenciel-2025\\\/\",\"url\":\"https:\\\/\\\/www.matriciel.be\\\/essenciel-2025\\\/\",\"name\":\"L'ESSENciel de MATRIciel : le programme S1 2025 - MATRIciel\",\"isPartOf\":{\"@id\":\"https:\\\/\\\/www.matriciel.be\\\/#website\"},\"primaryImageOfPage\":{\"@id\":\"https:\\\/\\\/www.matriciel.be\\\/essenciel-2025\\\/#primaryimage\"},\"image\":{\"@id\":\"https:\\\/\\\/www.matriciel.be\\\/essenciel-2025\\\/#primaryimage\"},\"thumbnailUrl\":\"https:\\\/\\\/www.matriciel.be\\\/wp-content\\\/uploads\\\/2025\\\/01\\\/ESSENciel-Photo-Programme-1er-semestre-2025.jpg\",\"datePublished\":\"2025-01-10T08:21:11+00:00\",\"dateModified\":\"2025-02-05T10:02:21+00:00\",\"author\":{\"@id\":\"https:\\\/\\\/www.matriciel.be\\\/#\\\/schema\\\/person\\\/44a6df2b7f4b9aa38fd89d2a2e3036bf\"},\"description\":\"Programme ESSENciel de MATRIciel : chaque mois, venez \u00e9changer avec nos experts au sujet de la frugalit\u00e9 de la construction\",\"breadcrumb\":{\"@id\":\"https:\\\/\\\/www.matriciel.be\\\/essenciel-2025\\\/#breadcrumb\"},\"inLanguage\":\"en-US\",\"potentialAction\":[{\"@type\":\"ReadAction\",\"target\":[\"https:\\\/\\\/www.matriciel.be\\\/essenciel-2025\\\/\"]}]},{\"@type\":\"ImageObject\",\"inLanguage\":\"en-US\",\"@id\":\"https:\\\/\\\/www.matriciel.be\\\/essenciel-2025\\\/#primaryimage\",\"url\":\"https:\\\/\\\/www.matriciel.be\\\/wp-content\\\/uploads\\\/2025\\\/01\\\/ESSENciel-Photo-Programme-1er-semestre-2025.jpg\",\"contentUrl\":\"https:\\\/\\\/www.matriciel.be\\\/wp-content\\\/uploads\\\/2025\\\/01\\\/ESSENciel-Photo-Programme-1er-semestre-2025.jpg\",\"width\":796,\"height\":679,\"caption\":\"Les ESSENciels de MATRIciel : partage de savoirs\"},{\"@type\":\"BreadcrumbList\",\"@id\":\"https:\\\/\\\/www.matriciel.be\\\/essenciel-2025\\\/#breadcrumb\",\"itemListElement\":[{\"@type\":\"ListItem\",\"position\":1,\"name\":\"Accueil\",\"item\":\"https:\\\/\\\/www.matriciel.be\\\/en\\\/\"},{\"@type\":\"ListItem\",\"position\":2,\"name\":\"L&rsquo;ESSENciel de MATRIciel : le programme S1 2025\"}]},{\"@type\":\"WebSite\",\"@id\":\"https:\\\/\\\/www.matriciel.be\\\/#website\",\"url\":\"https:\\\/\\\/www.matriciel.be\\\/\",\"name\":\"MATRIciel\",\"description\":\"Bureau d&#039;\u00e9tude et de conseil en architecture durable\",\"potentialAction\":[{\"@type\":\"SearchAction\",\"target\":{\"@type\":\"EntryPoint\",\"urlTemplate\":\"https:\\\/\\\/www.matriciel.be\\\/?s={search_term_string}\"},\"query-input\":{\"@type\":\"PropertyValueSpecification\",\"valueRequired\":true,\"valueName\":\"search_term_string\"}}],\"inLanguage\":\"en-US\"},{\"@type\":\"Person\",\"@id\":\"https:\\\/\\\/www.matriciel.be\\\/#\\\/schema\\\/person\\\/44a6df2b7f4b9aa38fd89d2a2e3036bf\",\"name\":\"catherine\"}]}<\/script>\n<!-- \/ Yoast SEO plugin. -->","yoast_head_json":{"title":"L'ESSENciel de MATRIciel : le programme S1 2025 - MATRIciel","description":"Programme ESSENciel de MATRIciel : chaque mois, venez \u00e9changer avec nos experts au sujet de la frugalit\u00e9 de la construction","robots":{"index":"index","follow":"follow","max-snippet":"max-snippet:-1","max-image-preview":"max-image-preview:large","max-video-preview":"max-video-preview:-1"},"canonical":"https:\/\/www.matriciel.be\/essenciel-2025\/","og_locale":"en_US","og_type":"article","og_title":"L'ESSENciel de MATRIciel : le programme S1 2025 - MATRIciel","og_description":"Programme ESSENciel de MATRIciel : chaque mois, venez \u00e9changer avec nos experts au sujet de la frugalit\u00e9 de la construction","og_url":"https:\/\/www.matriciel.be\/essenciel-2025\/","og_site_name":"MATRIciel","article_published_time":"2025-01-10T08:21:11+00:00","article_modified_time":"2025-02-05T10:02:21+00:00","og_image":[{"width":796,"height":679,"url":"https:\/\/www.matriciel.be\/wp-content\/uploads\/2025\/01\/ESSENciel-Photo-Programme-1er-semestre-2025.jpg","type":"image\/jpeg"}],"author":"catherine","twitter_card":"summary_large_image","twitter_misc":{"Written by":"catherine","Est. reading time":"2 minutes"},"schema":{"@context":"https:\/\/schema.org","@graph":[{"@type":"Article","@id":"https:\/\/www.matriciel.be\/essenciel-2025\/#article","isPartOf":{"@id":"https:\/\/www.matriciel.be\/essenciel-2025\/"},"author":{"name":"catherine","@id":"https:\/\/www.matriciel.be\/#\/schema\/person\/44a6df2b7f4b9aa38fd89d2a2e3036bf"},"headline":"L&#8217;ESSENciel de MATRIciel : le programme S1 2025","datePublished":"2025-01-10T08:21:11+00:00","dateModified":"2025-02-05T10:02:21+00:00","mainEntityOfPage":{"@id":"https:\/\/www.matriciel.be\/essenciel-2025\/"},"wordCount":183,"image":{"@id":"https:\/\/www.matriciel.be\/essenciel-2025\/#primaryimage"},"thumbnailUrl":"https:\/\/www.matriciel.be\/wp-content\/uploads\/2025\/01\/ESSENciel-Photo-Programme-1er-semestre-2025.jpg","keywords":["ESSENciel"],"articleSection":["Formations","L'\u00e9quipe","Low Tech","M\u00e9tier"],"inLanguage":"en-US"},{"@type":"WebPage","@id":"https:\/\/www.matriciel.be\/essenciel-2025\/","url":"https:\/\/www.matriciel.be\/essenciel-2025\/","name":"L'ESSENciel de MATRIciel : le programme S1 2025 - MATRIciel","isPartOf":{"@id":"https:\/\/www.matriciel.be\/#website"},"primaryImageOfPage":{"@id":"https:\/\/www.matriciel.be\/essenciel-2025\/#primaryimage"},"image":{"@id":"https:\/\/www.matriciel.be\/essenciel-2025\/#primaryimage"},"thumbnailUrl":"https:\/\/www.matriciel.be\/wp-content\/uploads\/2025\/01\/ESSENciel-Photo-Programme-1er-semestre-2025.jpg","datePublished":"2025-01-10T08:21:11+00:00","dateModified":"2025-02-05T10:02:21+00:00","author":{"@id":"https:\/\/www.matriciel.be\/#\/schema\/person\/44a6df2b7f4b9aa38fd89d2a2e3036bf"},"description":"Programme ESSENciel de MATRIciel : chaque mois, venez \u00e9changer avec nos experts au sujet de la frugalit\u00e9 de la construction","breadcrumb":{"@id":"https:\/\/www.matriciel.be\/essenciel-2025\/#breadcrumb"},"inLanguage":"en-US","potentialAction":[{"@type":"ReadAction","target":["https:\/\/www.matriciel.be\/essenciel-2025\/"]}]},{"@type":"ImageObject","inLanguage":"en-US","@id":"https:\/\/www.matriciel.be\/essenciel-2025\/#primaryimage","url":"https:\/\/www.matriciel.be\/wp-content\/uploads\/2025\/01\/ESSENciel-Photo-Programme-1er-semestre-2025.jpg","contentUrl":"https:\/\/www.matriciel.be\/wp-content\/uploads\/2025\/01\/ESSENciel-Photo-Programme-1er-semestre-2025.jpg","width":796,"height":679,"caption":"Les ESSENciels de MATRIciel : partage de savoirs"},{"@type":"BreadcrumbList","@id":"https:\/\/www.matriciel.be\/essenciel-2025\/#breadcrumb","itemListElement":[{"@type":"ListItem","position":1,"name":"Accueil","item":"https:\/\/www.matriciel.be\/en\/"},{"@type":"ListItem","position":2,"name":"L&rsquo;ESSENciel de MATRIciel : le programme S1 2025"}]},{"@type":"WebSite","@id":"https:\/\/www.matriciel.be\/#website","url":"https:\/\/www.matriciel.be\/","name":"MATRIciel","description":"Bureau d&#039;\u00e9tude et de conseil en architecture durable","potentialAction":[{"@type":"SearchAction","target":{"@type":"EntryPoint","urlTemplate":"https:\/\/www.matriciel.be\/?s={search_term_string}"},"query-input":{"@type":"PropertyValueSpecification","valueRequired":true,"valueName":"search_term_string"}}],"inLanguage":"en-US"},{"@type":"Person","@id":"https:\/\/www.matriciel.be\/#\/schema\/person\/44a6df2b7f4b9aa38fd89d2a2e3036bf","name":"catherine"}]}},"jetpack_featured_media_url":"https:\/\/www.matriciel.be\/wp-content\/uploads\/2025\/01\/ESSENciel-Photo-Programme-1er-semestre-2025.jpg","jetpack_shortlink":"https:\/\/wp.me\/p8HVJL-29F","jetpack_sharing_enabled":true,"_links":{"self":[{"href":"https:\/\/www.matriciel.be\/en\/wp-json\/wp\/v2\/posts\/8287","targetHints":{"allow":["GET"]}}],"collection":[{"href":"https:\/\/www.matriciel.be\/en\/wp-json\/wp\/v2\/posts"}],"about":[{"href":"https:\/\/www.matriciel.be\/en\/wp-json\/wp\/v2\/types\/post"}],"author":[{"embeddable":true,"href":"https:\/\/www.matriciel.be\/en\/wp-json\/wp\/v2\/users\/5"}],"replies":[{"embeddable":true,"href":"https:\/\/www.matriciel.be\/en\/wp-json\/wp\/v2\/comments?post=8287"}],"version-history":[{"count":18,"href":"https:\/\/www.matriciel.be\/en\/wp-json\/wp\/v2\/posts\/8287\/revisions"}],"predecessor-version":[{"id":22566,"href":"https:\/\/www.matriciel.be\/en\/wp-json\/wp\/v2\/posts\/8287\/revisions\/22566"}],"wp:featuredmedia":[{"embeddable":true,"href":"https:\/\/www.matriciel.be\/en\/wp-json\/wp\/v2\/media\/22562"}],"wp:attachment":[{"href":"https:\/\/www.matriciel.be\/en\/wp-json\/wp\/v2\/media?parent=8287"}],"wp:term":[{"taxonomy":"category","embeddable":true,"href":"https:\/\/www.matriciel.be\/en\/wp-json\/wp\/v2\/categories?post=8287"},{"taxonomy":"post_tag","embeddable":true,"href":"https:\/\/www.matriciel.be\/en\/wp-json\/wp\/v2\/tags?post=8287"}],"curies":[{"name":"wp","href":"https:\/\/api.w.org\/{rel}","templated":true}]}}