{"id":917,"date":"2016-08-01T15:55:12","date_gmt":"2016-08-01T13:55:12","guid":{"rendered":"https:\/\/agencepoush-newmatriciel.pf503.wpserveur.net\/?p=917"},"modified":"2020-10-28T11:00:43","modified_gmt":"2020-10-28T10:00:43","slug":"matriciel-et-licedd-accompagnent-bruxelles-environnement-dans-la-promotion-des-chantiers-circulaires","status":"publish","type":"post","link":"https:\/\/www.matriciel.be\/en\/matriciel-et-licedd-accompagnent-bruxelles-environnement-dans-la-promotion-des-chantiers-circulaires\/","title":{"rendered":"MATRI<em>ciel<\/em> et l&#8217;ICEDD accompagnent Bruxelles Environnement dans la promotion des &#8220;Chantiers circulaires&#8221;"},"content":{"rendered":"<h2>MATRI<em>ciel<\/em> et l&#8217;ICEDD accompagnent Bruxelles Environnement dans la promotion des &#8220;Chantiers circulaires&#8221;.<\/h2>\n<h2><!--more--><\/h2>\n<p>MATRI<em>ciel<\/em> et l&#8217;ICEDD ont \u00e9t\u00e9 d\u00e9sign\u00e9s pour la coordination et l&#8217;animation (Promotion communication) dans le volet &#8220;Chantiers circulaires&#8221; du nouvel appel \u00e0 projets B\u00e2timents exemplaires (voir aussi <a href=\"http:\/\/www.circularprojects.brussels\/?page_id=21&amp;lang=fr\" target=\"_blank\" rel=\"noopener noreferrer\">Be circular \u2013 Be Brussels 2017<\/a>)<\/p>\n<p><strong>Informations g\u00e9n\u00e9rales<\/strong><\/p>\n<p><strong>Programme : <\/strong>coordination et l&#8217;animation (Promotion communication) du\u00a0volet &#8220;Chantiers circulaires&#8221;<strong>\u00a0<\/strong>de Bruxelles Environnement<br \/>\n<strong>Situation : <\/strong>R\u00e9gion Bruxelles Capitale<br \/>\n<strong>Dates :\u00a0<\/strong>2016 &#8211; 2017<\/p>\n<p><strong>Description du projet<\/strong><\/p>\n<p>L\u2019appel \u00e0 projets <strong>\u00ab\u00a0be circular \u2013 be brussels<\/strong>\u00a0\u00bb est une initiative du Gouvernement de la R\u00e9gion de Bruxelles-Capitale en faveur des ind\u00e9pendants et des entreprises bruxelloises en vue de les soutenir dans leur cr\u00e9ativit\u00e9 et d\u00e9velopper des activit\u00e9s \u00e9conomiques \u00e0 Bruxelles au b\u00e9n\u00e9ficie de l\u2019environnement et de l\u2019emploi local dans une optique d\u2019\u00e9conomie circulaire.<\/p>\n<p><strong>Interventions de MATRI<em>ciel <\/em>et ICEDD<\/strong><\/p>\n<ul>\n<li>Pr\u00e9parer\/promouvoir\/organiser les \u00e9v\u00e9nements\u00a0de l\u2019appel \u00e0 projets \u00ab\u00a0Chantiers circulaires\u00a0\u00bb<\/li>\n<li>Prospecter\/recruter des candidats pour l\u2019appel \u00e0 projets\u00ab\u00a0Chantiers circulaires\u00a0\u00bb<\/li>\n<li>Assister l\u2019expert technique pour s\u2019assurer de la compl\u00e9tude des dossiers d\u2019appel \u00e0 projets \u00ab\u00a0Chantiers circulaires\u00a0\u00bb<\/li>\n<li>Animer des \u00e9v\u00e9nements publics et internes en lien avec l\u2019appel \u00e0 projets<\/li>\n<\/ul>\n","protected":false},"excerpt":{"rendered":"<p>Appel \u00e0 projets \u00ab be circular \u2013 be brussels \u00bb, une initiative du Gouvernement de la R\u00e9gion de Bruxelles-Capitale<\/p>\n","protected":false},"author":5,"featured_media":918,"comment_status":"closed","ping_status":"closed","sticky":false,"template":"","format":"standard","meta":{"_jetpack_memberships_contains_paid_content":false,"footnotes":""},"categories":[83,81],"tags":[46,61],"class_list":["post-917","post","type-post","status-publish","format-standard","has-post-thumbnail","hentry","category-entreprise","category-industrie","tag-batiment-exemplaire","tag-chantier-circulaire","category-83","category-81","description-off"],"yoast_head":"<!-- This site is optimized with the Yoast SEO plugin v27.4 - https:\/\/yoast.com\/product\/yoast-seo-wordpress\/ -->\n<title>MATRIciel et l&#039;ICEDD - appel \u00e0 projets &quot;Chantiers circulaires&quot;.<\/title>\n<meta name=\"description\" content=\"MATRIciel et l&#039;ICEDD ont \u00e9t\u00e9 d\u00e9sign\u00e9s pour la coordination et l&#039;animation (Promotion communication) dans le volet &quot;Chantiers circulaires&quot; du nouvel appel \u00e0 projets B\u00e2timents exemplaires\" \/>\n<meta name=\"robots\" content=\"index, follow, max-snippet:-1, max-image-preview:large, max-video-preview:-1\" \/>\n<link rel=\"canonical\" href=\"https:\/\/www.matriciel.be\/matriciel-et-licedd-accompagnent-bruxelles-environnement-dans-la-promotion-des-chantiers-circulaires\/\" \/>\n<meta property=\"og:locale\" content=\"en_US\" \/>\n<meta property=\"og:type\" content=\"article\" \/>\n<meta property=\"og:title\" content=\"MATRIciel et l&#039;ICEDD - appel \u00e0 projets &quot;Chantiers circulaires&quot;.\" \/>\n<meta property=\"og:description\" content=\"MATRIciel et l&#039;ICEDD ont \u00e9t\u00e9 d\u00e9sign\u00e9s pour la coordination et l&#039;animation (Promotion communication) dans le volet &quot;Chantiers circulaires&quot; du nouvel appel \u00e0 projets B\u00e2timents exemplaires\" \/>\n<meta property=\"og:url\" content=\"https:\/\/www.matriciel.be\/matriciel-et-licedd-accompagnent-bruxelles-environnement-dans-la-promotion-des-chantiers-circulaires\/\" \/>\n<meta property=\"og:site_name\" content=\"MATRIciel\" \/>\n<meta property=\"article:published_time\" content=\"2016-08-01T13:55:12+00:00\" \/>\n<meta property=\"article:modified_time\" content=\"2020-10-28T10:00:43+00:00\" \/>\n<meta property=\"og:image\" content=\"https:\/\/www.matriciel.be\/wp-content\/uploads\/2017\/04\/201608-Chantiers-circulaires.jpg\" \/>\n\t<meta property=\"og:image:width\" content=\"746\" \/>\n\t<meta property=\"og:image:height\" content=\"422\" \/>\n\t<meta property=\"og:image:type\" content=\"image\/jpeg\" \/>\n<meta name=\"author\" content=\"catherine\" \/>\n<meta name=\"twitter:card\" content=\"summary_large_image\" \/>\n<meta name=\"twitter:label1\" content=\"Written by\" \/>\n\t<meta name=\"twitter:data1\" content=\"catherine\" \/>\n\t<meta name=\"twitter:label2\" content=\"Est. reading time\" \/>\n\t<meta name=\"twitter:data2\" content=\"1 minute\" \/>\n<script type=\"application\/ld+json\" class=\"yoast-schema-graph\">{\"@context\":\"https:\\\/\\\/schema.org\",\"@graph\":[{\"@type\":\"Article\",\"@id\":\"https:\\\/\\\/www.matriciel.be\\\/matriciel-et-licedd-accompagnent-bruxelles-environnement-dans-la-promotion-des-chantiers-circulaires\\\/#article\",\"isPartOf\":{\"@id\":\"https:\\\/\\\/www.matriciel.be\\\/matriciel-et-licedd-accompagnent-bruxelles-environnement-dans-la-promotion-des-chantiers-circulaires\\\/\"},\"author\":{\"name\":\"catherine\",\"@id\":\"https:\\\/\\\/www.matriciel.be\\\/#\\\/schema\\\/person\\\/44a6df2b7f4b9aa38fd89d2a2e3036bf\"},\"headline\":\"MATRIciel et l&#8217;ICEDD accompagnent Bruxelles Environnement dans la promotion des &#8220;Chantiers circulaires&#8221;\",\"datePublished\":\"2016-08-01T13:55:12+00:00\",\"dateModified\":\"2020-10-28T10:00:43+00:00\",\"mainEntityOfPage\":{\"@id\":\"https:\\\/\\\/www.matriciel.be\\\/matriciel-et-licedd-accompagnent-bruxelles-environnement-dans-la-promotion-des-chantiers-circulaires\\\/\"},\"wordCount\":210,\"image\":{\"@id\":\"https:\\\/\\\/www.matriciel.be\\\/matriciel-et-licedd-accompagnent-bruxelles-environnement-dans-la-promotion-des-chantiers-circulaires\\\/#primaryimage\"},\"thumbnailUrl\":\"https:\\\/\\\/www.matriciel.be\\\/wp-content\\\/uploads\\\/2017\\\/04\\\/201608-Chantiers-circulaires.jpg\",\"keywords\":[\"B\u00e2timent exemplaire\",\"Chantier circulaire\"],\"articleSection\":[\"Entreprise\",\"Industrie\"],\"inLanguage\":\"en-US\"},{\"@type\":\"WebPage\",\"@id\":\"https:\\\/\\\/www.matriciel.be\\\/matriciel-et-licedd-accompagnent-bruxelles-environnement-dans-la-promotion-des-chantiers-circulaires\\\/\",\"url\":\"https:\\\/\\\/www.matriciel.be\\\/matriciel-et-licedd-accompagnent-bruxelles-environnement-dans-la-promotion-des-chantiers-circulaires\\\/\",\"name\":\"MATRIciel et l'ICEDD - appel \u00e0 projets \\\"Chantiers circulaires\\\".\",\"isPartOf\":{\"@id\":\"https:\\\/\\\/www.matriciel.be\\\/#website\"},\"primaryImageOfPage\":{\"@id\":\"https:\\\/\\\/www.matriciel.be\\\/matriciel-et-licedd-accompagnent-bruxelles-environnement-dans-la-promotion-des-chantiers-circulaires\\\/#primaryimage\"},\"image\":{\"@id\":\"https:\\\/\\\/www.matriciel.be\\\/matriciel-et-licedd-accompagnent-bruxelles-environnement-dans-la-promotion-des-chantiers-circulaires\\\/#primaryimage\"},\"thumbnailUrl\":\"https:\\\/\\\/www.matriciel.be\\\/wp-content\\\/uploads\\\/2017\\\/04\\\/201608-Chantiers-circulaires.jpg\",\"datePublished\":\"2016-08-01T13:55:12+00:00\",\"dateModified\":\"2020-10-28T10:00:43+00:00\",\"author\":{\"@id\":\"https:\\\/\\\/www.matriciel.be\\\/#\\\/schema\\\/person\\\/44a6df2b7f4b9aa38fd89d2a2e3036bf\"},\"description\":\"MATRIciel et l'ICEDD ont \u00e9t\u00e9 d\u00e9sign\u00e9s pour la coordination et l'animation (Promotion communication) dans le volet \\\"Chantiers circulaires\\\" du nouvel appel \u00e0 projets B\u00e2timents exemplaires\",\"breadcrumb\":{\"@id\":\"https:\\\/\\\/www.matriciel.be\\\/matriciel-et-licedd-accompagnent-bruxelles-environnement-dans-la-promotion-des-chantiers-circulaires\\\/#breadcrumb\"},\"inLanguage\":\"en-US\",\"potentialAction\":[{\"@type\":\"ReadAction\",\"target\":[\"https:\\\/\\\/www.matriciel.be\\\/matriciel-et-licedd-accompagnent-bruxelles-environnement-dans-la-promotion-des-chantiers-circulaires\\\/\"]}]},{\"@type\":\"ImageObject\",\"inLanguage\":\"en-US\",\"@id\":\"https:\\\/\\\/www.matriciel.be\\\/matriciel-et-licedd-accompagnent-bruxelles-environnement-dans-la-promotion-des-chantiers-circulaires\\\/#primaryimage\",\"url\":\"https:\\\/\\\/www.matriciel.be\\\/wp-content\\\/uploads\\\/2017\\\/04\\\/201608-Chantiers-circulaires.jpg\",\"contentUrl\":\"https:\\\/\\\/www.matriciel.be\\\/wp-content\\\/uploads\\\/2017\\\/04\\\/201608-Chantiers-circulaires.jpg\",\"width\":746,\"height\":422,\"caption\":\"Accompagnement de l'appel \u00e0 projet Chantier circulaire\"},{\"@type\":\"BreadcrumbList\",\"@id\":\"https:\\\/\\\/www.matriciel.be\\\/matriciel-et-licedd-accompagnent-bruxelles-environnement-dans-la-promotion-des-chantiers-circulaires\\\/#breadcrumb\",\"itemListElement\":[{\"@type\":\"ListItem\",\"position\":1,\"name\":\"Accueil\",\"item\":\"https:\\\/\\\/www.matriciel.be\\\/en\\\/\"},{\"@type\":\"ListItem\",\"position\":2,\"name\":\"MATRIciel et l&rsquo;ICEDD accompagnent Bruxelles Environnement dans la promotion des \u00ab\u00a0Chantiers circulaires\u00a0\u00bb\"}]},{\"@type\":\"WebSite\",\"@id\":\"https:\\\/\\\/www.matriciel.be\\\/#website\",\"url\":\"https:\\\/\\\/www.matriciel.be\\\/\",\"name\":\"MATRIciel\",\"description\":\"Bureau d&#039;\u00e9tude et de conseil en architecture durable\",\"potentialAction\":[{\"@type\":\"SearchAction\",\"target\":{\"@type\":\"EntryPoint\",\"urlTemplate\":\"https:\\\/\\\/www.matriciel.be\\\/?s={search_term_string}\"},\"query-input\":{\"@type\":\"PropertyValueSpecification\",\"valueRequired\":true,\"valueName\":\"search_term_string\"}}],\"inLanguage\":\"en-US\"},{\"@type\":\"Person\",\"@id\":\"https:\\\/\\\/www.matriciel.be\\\/#\\\/schema\\\/person\\\/44a6df2b7f4b9aa38fd89d2a2e3036bf\",\"name\":\"catherine\"}]}<\/script>\n<!-- \/ Yoast SEO plugin. -->","yoast_head_json":{"title":"MATRIciel et l'ICEDD - appel \u00e0 projets \"Chantiers circulaires\".","description":"MATRIciel et l'ICEDD ont \u00e9t\u00e9 d\u00e9sign\u00e9s pour la coordination et l'animation (Promotion communication) dans le volet \"Chantiers circulaires\" du nouvel appel \u00e0 projets B\u00e2timents exemplaires","robots":{"index":"index","follow":"follow","max-snippet":"max-snippet:-1","max-image-preview":"max-image-preview:large","max-video-preview":"max-video-preview:-1"},"canonical":"https:\/\/www.matriciel.be\/matriciel-et-licedd-accompagnent-bruxelles-environnement-dans-la-promotion-des-chantiers-circulaires\/","og_locale":"en_US","og_type":"article","og_title":"MATRIciel et l'ICEDD - appel \u00e0 projets \"Chantiers circulaires\".","og_description":"MATRIciel et l'ICEDD ont \u00e9t\u00e9 d\u00e9sign\u00e9s pour la coordination et l'animation (Promotion communication) dans le volet \"Chantiers circulaires\" du nouvel appel \u00e0 projets B\u00e2timents exemplaires","og_url":"https:\/\/www.matriciel.be\/matriciel-et-licedd-accompagnent-bruxelles-environnement-dans-la-promotion-des-chantiers-circulaires\/","og_site_name":"MATRIciel","article_published_time":"2016-08-01T13:55:12+00:00","article_modified_time":"2020-10-28T10:00:43+00:00","og_image":[{"width":746,"height":422,"url":"https:\/\/www.matriciel.be\/wp-content\/uploads\/2017\/04\/201608-Chantiers-circulaires.jpg","type":"image\/jpeg"}],"author":"catherine","twitter_card":"summary_large_image","twitter_misc":{"Written by":"catherine","Est. reading time":"1 minute"},"schema":{"@context":"https:\/\/schema.org","@graph":[{"@type":"Article","@id":"https:\/\/www.matriciel.be\/matriciel-et-licedd-accompagnent-bruxelles-environnement-dans-la-promotion-des-chantiers-circulaires\/#article","isPartOf":{"@id":"https:\/\/www.matriciel.be\/matriciel-et-licedd-accompagnent-bruxelles-environnement-dans-la-promotion-des-chantiers-circulaires\/"},"author":{"name":"catherine","@id":"https:\/\/www.matriciel.be\/#\/schema\/person\/44a6df2b7f4b9aa38fd89d2a2e3036bf"},"headline":"MATRIciel et l&#8217;ICEDD accompagnent Bruxelles Environnement dans la promotion des &#8220;Chantiers circulaires&#8221;","datePublished":"2016-08-01T13:55:12+00:00","dateModified":"2020-10-28T10:00:43+00:00","mainEntityOfPage":{"@id":"https:\/\/www.matriciel.be\/matriciel-et-licedd-accompagnent-bruxelles-environnement-dans-la-promotion-des-chantiers-circulaires\/"},"wordCount":210,"image":{"@id":"https:\/\/www.matriciel.be\/matriciel-et-licedd-accompagnent-bruxelles-environnement-dans-la-promotion-des-chantiers-circulaires\/#primaryimage"},"thumbnailUrl":"https:\/\/www.matriciel.be\/wp-content\/uploads\/2017\/04\/201608-Chantiers-circulaires.jpg","keywords":["B\u00e2timent exemplaire","Chantier circulaire"],"articleSection":["Entreprise","Industrie"],"inLanguage":"en-US"},{"@type":"WebPage","@id":"https:\/\/www.matriciel.be\/matriciel-et-licedd-accompagnent-bruxelles-environnement-dans-la-promotion-des-chantiers-circulaires\/","url":"https:\/\/www.matriciel.be\/matriciel-et-licedd-accompagnent-bruxelles-environnement-dans-la-promotion-des-chantiers-circulaires\/","name":"MATRIciel et l'ICEDD - appel \u00e0 projets \"Chantiers circulaires\".","isPartOf":{"@id":"https:\/\/www.matriciel.be\/#website"},"primaryImageOfPage":{"@id":"https:\/\/www.matriciel.be\/matriciel-et-licedd-accompagnent-bruxelles-environnement-dans-la-promotion-des-chantiers-circulaires\/#primaryimage"},"image":{"@id":"https:\/\/www.matriciel.be\/matriciel-et-licedd-accompagnent-bruxelles-environnement-dans-la-promotion-des-chantiers-circulaires\/#primaryimage"},"thumbnailUrl":"https:\/\/www.matriciel.be\/wp-content\/uploads\/2017\/04\/201608-Chantiers-circulaires.jpg","datePublished":"2016-08-01T13:55:12+00:00","dateModified":"2020-10-28T10:00:43+00:00","author":{"@id":"https:\/\/www.matriciel.be\/#\/schema\/person\/44a6df2b7f4b9aa38fd89d2a2e3036bf"},"description":"MATRIciel et l'ICEDD ont \u00e9t\u00e9 d\u00e9sign\u00e9s pour la coordination et l'animation (Promotion communication) dans le volet \"Chantiers circulaires\" du nouvel appel \u00e0 projets B\u00e2timents exemplaires","breadcrumb":{"@id":"https:\/\/www.matriciel.be\/matriciel-et-licedd-accompagnent-bruxelles-environnement-dans-la-promotion-des-chantiers-circulaires\/#breadcrumb"},"inLanguage":"en-US","potentialAction":[{"@type":"ReadAction","target":["https:\/\/www.matriciel.be\/matriciel-et-licedd-accompagnent-bruxelles-environnement-dans-la-promotion-des-chantiers-circulaires\/"]}]},{"@type":"ImageObject","inLanguage":"en-US","@id":"https:\/\/www.matriciel.be\/matriciel-et-licedd-accompagnent-bruxelles-environnement-dans-la-promotion-des-chantiers-circulaires\/#primaryimage","url":"https:\/\/www.matriciel.be\/wp-content\/uploads\/2017\/04\/201608-Chantiers-circulaires.jpg","contentUrl":"https:\/\/www.matriciel.be\/wp-content\/uploads\/2017\/04\/201608-Chantiers-circulaires.jpg","width":746,"height":422,"caption":"Accompagnement de l'appel \u00e0 projet Chantier circulaire"},{"@type":"BreadcrumbList","@id":"https:\/\/www.matriciel.be\/matriciel-et-licedd-accompagnent-bruxelles-environnement-dans-la-promotion-des-chantiers-circulaires\/#breadcrumb","itemListElement":[{"@type":"ListItem","position":1,"name":"Accueil","item":"https:\/\/www.matriciel.be\/en\/"},{"@type":"ListItem","position":2,"name":"MATRIciel et l&rsquo;ICEDD accompagnent Bruxelles Environnement dans la promotion des \u00ab\u00a0Chantiers circulaires\u00a0\u00bb"}]},{"@type":"WebSite","@id":"https:\/\/www.matriciel.be\/#website","url":"https:\/\/www.matriciel.be\/","name":"MATRIciel","description":"Bureau d&#039;\u00e9tude et de conseil en architecture durable","potentialAction":[{"@type":"SearchAction","target":{"@type":"EntryPoint","urlTemplate":"https:\/\/www.matriciel.be\/?s={search_term_string}"},"query-input":{"@type":"PropertyValueSpecification","valueRequired":true,"valueName":"search_term_string"}}],"inLanguage":"en-US"},{"@type":"Person","@id":"https:\/\/www.matriciel.be\/#\/schema\/person\/44a6df2b7f4b9aa38fd89d2a2e3036bf","name":"catherine"}]}},"jetpack_featured_media_url":"https:\/\/www.matriciel.be\/wp-content\/uploads\/2017\/04\/201608-Chantiers-circulaires.jpg","jetpack_shortlink":"https:\/\/wp.me\/p8HVJL-eN","jetpack_sharing_enabled":true,"_links":{"self":[{"href":"https:\/\/www.matriciel.be\/en\/wp-json\/wp\/v2\/posts\/917","targetHints":{"allow":["GET"]}}],"collection":[{"href":"https:\/\/www.matriciel.be\/en\/wp-json\/wp\/v2\/posts"}],"about":[{"href":"https:\/\/www.matriciel.be\/en\/wp-json\/wp\/v2\/types\/post"}],"author":[{"embeddable":true,"href":"https:\/\/www.matriciel.be\/en\/wp-json\/wp\/v2\/users\/5"}],"replies":[{"embeddable":true,"href":"https:\/\/www.matriciel.be\/en\/wp-json\/wp\/v2\/comments?post=917"}],"version-history":[{"count":1,"href":"https:\/\/www.matriciel.be\/en\/wp-json\/wp\/v2\/posts\/917\/revisions"}],"predecessor-version":[{"id":4567,"href":"https:\/\/www.matriciel.be\/en\/wp-json\/wp\/v2\/posts\/917\/revisions\/4567"}],"wp:featuredmedia":[{"embeddable":true,"href":"https:\/\/www.matriciel.be\/en\/wp-json\/wp\/v2\/media\/918"}],"wp:attachment":[{"href":"https:\/\/www.matriciel.be\/en\/wp-json\/wp\/v2\/media?parent=917"}],"wp:term":[{"taxonomy":"category","embeddable":true,"href":"https:\/\/www.matriciel.be\/en\/wp-json\/wp\/v2\/categories?post=917"},{"taxonomy":"post_tag","embeddable":true,"href":"https:\/\/www.matriciel.be\/en\/wp-json\/wp\/v2\/tags?post=917"}],"curies":[{"name":"wp","href":"https:\/\/api.w.org\/{rel}","templated":true}]}}