{"id":13863,"date":"2022-11-18T12:27:55","date_gmt":"2022-11-18T11:27:55","guid":{"rendered":"https:\/\/www.matriciel.be\/?p=13863"},"modified":"2022-11-21T15:22:50","modified_gmt":"2022-11-21T14:22:50","slug":"essenciel_zero_co2","status":"publish","type":"post","link":"https:\/\/www.matriciel.be\/nl\/essenciel_zero_co2\/","title":{"rendered":"Session d&#8217;information ESSENciel &#8211; B\u00e2timent &#8220;z\u00e9ro-CO2&#8221;: r\u00e9alit\u00e9 ou greenwashing ?"},"content":{"rendered":"<div class=\"wpb-content-wrapper\"><p>[vc_row][vc_column][vc_single_image image=&#8221;13868&#8243; img_size=&#8221;large&#8221; alignment=&#8221;center&#8221;][\/vc_column][\/vc_row][vc_row][vc_column][vc_column_text]A l&#8217;heure de la COP 27 qui se termine aujourd&#8217;hui en Egypte, des experts de l&#8217;ONU ont trac\u00e9 les &#8220;lignes rouges&#8221; du greenwashing environnemental d&#8217;entreprises, investisseurs, organismes financiers, villes, r\u00e9gions, \u2026 qui promettent d&#8217;atteindre la neutralit\u00e9 carbone d&#8217;ici 2050.<\/p>\n<p>Les experts de l&#8217;ONU ont \u00e9labor\u00e9 un <strong>mode d&#8217;emploi<\/strong> pour \u00e9valuer le degr\u00e9 de cr\u00e9dibilit\u00e9 des acteurs qui s&#8217;engagent \u00e0 la neutralit\u00e9 carbone. Condition cl\u00e9 de cette cr\u00e9dibilit\u00e9, s&#8217;\u00e9loigner des &#8220;activit\u00e9s destructrices de l&#8217;environnement&#8221;, en particulier tout ce qui peut entra\u00eener de la d\u00e9forestation, et sortir progressivement des \u00e9nergies fossiles responsables du r\u00e9chauffement de la plan\u00e8te.<\/p>\n<p>Autre condition sine qua non, r\u00e9duire le plus possible les \u00e9missions de gaz \u00e0 effet de serre. Et non pas les compenser en achetant des &#8220;cr\u00e9dits carbone&#8221; \u00e9quivalent \u00e0 un poids de CO<sub>2<\/sub>, en finan\u00e7ant par exemple des projets de reforestation ou de d\u00e9veloppement des \u00e9nergies renouvelables.[\/vc_column_text][\/vc_column][\/vc_row][vc_row][vc_column][vc_single_image image=&#8221;13927&#8243; img_size=&#8221;large&#8221; add_caption=&#8221;yes&#8221; alignment=&#8221;center&#8221;][\/vc_column][\/vc_row][vc_row][vc_column][vc_column_text]<\/p>\n<p style=\"text-align: center;\"><em>(Source de l&#8217;image : www.capitaine-carbone.fr)<\/em><\/p>\n<p>&nbsp;<\/p>\n<p>Le rapport de l&#8217;ONU estime \u00e9galement que les promesses \u00e0 long terme doivent \u00eatre accompagn\u00e9es par un plan pr\u00e9cis, avec des objectifs quinquennaux. Ce plan doit couvrir toutes les activit\u00e9s d&#8217;une entreprise : ses activit\u00e9s directes (scope 1), ses consommations d&#8217;\u00e9lectricit\u00e9 et de chaleur (scope 2) mais aussi toutes les \u00e9missions indirectes en amont et en aval de la production, jusqu&#8217;\u00e0, par exemple, l&#8217;essence consomm\u00e9e par les automobilistes pour une compagnie p\u00e9troli\u00e8re, ou les \u00e9missions de CO<sub>2<\/sub> dues au d\u00e9placement de la client\u00e8le touristique pour une station de sports d&#8217;hiver (scope 3).<\/p>\n<p>[\/vc_column_text][\/vc_column][\/vc_row][vc_row][vc_column][vc_single_image image=&#8221;13878&#8243; img_size=&#8221;large&#8221; add_caption=&#8221;yes&#8221; alignment=&#8221;center&#8221;][\/vc_column][\/vc_row][vc_row][vc_column][vc_column_text]<\/p>\n<p style=\"text-align: center;\"><em>(Source de l&#8217;image : Climact)<\/em><\/p>\n<p>&nbsp;<\/p>\n<p>Nous avons donc voulu creuser la question sp\u00e9cifiquement pour le domaine de la construction en se demandant ce qui se cache r\u00e9ellement derri\u00e8re l&#8217;appellation &#8220;<strong>b\u00e2timent z\u00e9ro CO<sub>2<\/sub><\/strong>&#8221; ou &#8220;<strong>neutre en carbone<\/strong>&#8220;.<\/p>\n<p>Pour y voir plus clair, nous avons invit\u00e9 nos voisins n\u00e9o-louvanistes de <a href=\"https:\/\/climact.com\/fr\/\">Climact<\/a> \u00e0 r\u00e9fl\u00e9chir avec nous \u00e0 cette question lors d&#8217;une session d&#8217;information ESSENciel le 17 novembre 2022. La mission de Climact est justement d&#8217;arriver \u00e0 une soci\u00e9t\u00e9 durable z\u00e9ro carbone d&#8217;ici 2050 (\u00e7a tombe bien !) en aidant les autorit\u00e9s publiques et les organisations \u00e0 r\u00e9duire leur impact carbone pour atteindre cet objectif. Climact couvre ainsi toutes les activit\u00e9s d&#8217;une entreprise (les 3 scopes dont question ci-dessus) de mani\u00e8re macroscopique tandis que MATRIciel couvre les consommations \u00e9nerg\u00e9tiques des b\u00e2timents et les \u00e9missions indirectes (l&#8217;\u00e9nergie grise) de ceux-ci sur l&#8217;ensemble de leur cycle de vie.<\/p>\n<p>Pour \u00eatre tenus au courant de ces sessions d&#8217;information ESSENciel, n&#8217;h\u00e9sitez pas \u00e0 vous inscrire en envoyant un e-mail \u00e0 Catherine Fabry (<a href=\"mailto:fabry@matriciel.be\">fabry@matriciel.be<\/a>)[\/vc_column_text][\/vc_column][\/vc_row]<\/p>\n<\/div>","protected":false},"excerpt":{"rendered":"<p>[vc_row][vc_column][vc_single_image image=&#8221;13868&#8243; img_size=&#8221;large&#8221; alignment=&#8221;center&#8221;][\/vc_column][\/vc_row][vc_row][vc_column][vc_column_text]A l&#8217;heure de la COP 27 qui se termine aujourd&#8217;hui en Egypte, des experts de l&#8217;ONU ont trac\u00e9 les &#8220;lignes rouges&#8221; du greenwashing environnemental d&#8217;entreprises, investisseurs, organismes financiers, villes, r\u00e9gions, \u2026 qui promettent d&#8217;atteindre la neutralit\u00e9 carbone d&#8217;ici 2050. Les experts de l&#8217;ONU ont \u00e9labor\u00e9 un mode d&#8217;emploi pour \u00e9valuer le degr\u00e9&hellip;<\/p>\n","protected":false},"author":5,"featured_media":13868,"comment_status":"closed","ping_status":"closed","sticky":false,"template":"","format":"standard","meta":{"_jetpack_memberships_contains_paid_content":false,"footnotes":""},"categories":[100],"tags":[261,262],"class_list":["post-13863","post","type-post","status-publish","format-standard","has-post-thumbnail","hentry","category-formations","tag-neutre-carbone","tag-zero-co2","category-100","description-off"],"yoast_head":"<!-- This site is optimized with the Yoast SEO plugin v27.5 - https:\/\/yoast.com\/product\/yoast-seo-wordpress\/ -->\n<title>Session d&#039;information ESSENciel - B\u00e2timent &quot;z\u00e9ro-CO2&quot;: r\u00e9alit\u00e9 ou greenwashing ? - MATRIciel<\/title>\n<meta name=\"description\" content=\"COP27 : qu&#039;est-ce qui se cache r\u00e9ellement derri\u00e8re un &quot;b\u00e2timent z\u00e9ro CO2&quot; ou &quot;neutre en carbone&quot; ?\" \/>\n<meta name=\"robots\" content=\"index, follow, max-snippet:-1, max-image-preview:large, max-video-preview:-1\" \/>\n<link rel=\"canonical\" href=\"https:\/\/www.matriciel.be\/essenciel_zero_co2\/\" \/>\n<meta property=\"og:locale\" content=\"nl_NL\" \/>\n<meta property=\"og:type\" content=\"article\" \/>\n<meta property=\"og:title\" content=\"Session d&#039;information ESSENciel - B\u00e2timent &quot;z\u00e9ro-CO2&quot;: r\u00e9alit\u00e9 ou greenwashing ? - MATRIciel\" \/>\n<meta property=\"og:description\" content=\"COP27 : qu&#039;est-ce qui se cache r\u00e9ellement derri\u00e8re un &quot;b\u00e2timent z\u00e9ro CO2&quot; ou &quot;neutre en carbone&quot; ?\" \/>\n<meta property=\"og:url\" content=\"https:\/\/www.matriciel.be\/essenciel_zero_co2\/\" \/>\n<meta property=\"og:site_name\" content=\"MATRIciel\" \/>\n<meta property=\"article:published_time\" content=\"2022-11-18T11:27:55+00:00\" \/>\n<meta property=\"article:modified_time\" content=\"2022-11-21T14:22:50+00:00\" \/>\n<meta property=\"og:image\" content=\"https:\/\/www.matriciel.be\/wp-content\/uploads\/2022\/11\/News-ESSENciel-Batiment-Zero-CO2_221117_AB-Image-Silde-SB.png\" \/>\n\t<meta property=\"og:image:width\" content=\"605\" \/>\n\t<meta property=\"og:image:height\" content=\"553\" \/>\n\t<meta property=\"og:image:type\" content=\"image\/png\" \/>\n<meta name=\"author\" content=\"catherine\" \/>\n<meta name=\"twitter:card\" content=\"summary_large_image\" \/>\n<meta name=\"twitter:label1\" content=\"Geschreven door\" \/>\n\t<meta name=\"twitter:data1\" content=\"catherine\" \/>\n\t<meta name=\"twitter:label2\" content=\"Geschatte leestijd\" \/>\n\t<meta name=\"twitter:data2\" content=\"3 minuten\" \/>\n<script type=\"application\/ld+json\" class=\"yoast-schema-graph\">{\"@context\":\"https:\\\/\\\/schema.org\",\"@graph\":[{\"@type\":\"Article\",\"@id\":\"https:\\\/\\\/www.matriciel.be\\\/essenciel_zero_co2\\\/#article\",\"isPartOf\":{\"@id\":\"https:\\\/\\\/www.matriciel.be\\\/essenciel_zero_co2\\\/\"},\"author\":{\"name\":\"catherine\",\"@id\":\"https:\\\/\\\/www.matriciel.be\\\/#\\\/schema\\\/person\\\/44a6df2b7f4b9aa38fd89d2a2e3036bf\"},\"headline\":\"Session d&#8217;information ESSENciel &#8211; B\u00e2timent &#8220;z\u00e9ro-CO2&#8221;: r\u00e9alit\u00e9 ou greenwashing ?\",\"datePublished\":\"2022-11-18T11:27:55+00:00\",\"dateModified\":\"2022-11-21T14:22:50+00:00\",\"mainEntityOfPage\":{\"@id\":\"https:\\\/\\\/www.matriciel.be\\\/essenciel_zero_co2\\\/\"},\"wordCount\":564,\"image\":{\"@id\":\"https:\\\/\\\/www.matriciel.be\\\/essenciel_zero_co2\\\/#primaryimage\"},\"thumbnailUrl\":\"https:\\\/\\\/www.matriciel.be\\\/wp-content\\\/uploads\\\/2022\\\/11\\\/News-ESSENciel-Batiment-Zero-CO2_221117_AB-Image-Silde-SB.png\",\"keywords\":[\"Neutre carbone\",\"Z\u00e9ro CO2\"],\"articleSection\":[\"Formations\"],\"inLanguage\":\"nl-NL\"},{\"@type\":\"WebPage\",\"@id\":\"https:\\\/\\\/www.matriciel.be\\\/essenciel_zero_co2\\\/\",\"url\":\"https:\\\/\\\/www.matriciel.be\\\/essenciel_zero_co2\\\/\",\"name\":\"Session d'information ESSENciel - B\u00e2timent \\\"z\u00e9ro-CO2\\\": r\u00e9alit\u00e9 ou greenwashing ? - MATRIciel\",\"isPartOf\":{\"@id\":\"https:\\\/\\\/www.matriciel.be\\\/#website\"},\"primaryImageOfPage\":{\"@id\":\"https:\\\/\\\/www.matriciel.be\\\/essenciel_zero_co2\\\/#primaryimage\"},\"image\":{\"@id\":\"https:\\\/\\\/www.matriciel.be\\\/essenciel_zero_co2\\\/#primaryimage\"},\"thumbnailUrl\":\"https:\\\/\\\/www.matriciel.be\\\/wp-content\\\/uploads\\\/2022\\\/11\\\/News-ESSENciel-Batiment-Zero-CO2_221117_AB-Image-Silde-SB.png\",\"datePublished\":\"2022-11-18T11:27:55+00:00\",\"dateModified\":\"2022-11-21T14:22:50+00:00\",\"author\":{\"@id\":\"https:\\\/\\\/www.matriciel.be\\\/#\\\/schema\\\/person\\\/44a6df2b7f4b9aa38fd89d2a2e3036bf\"},\"description\":\"COP27 : qu'est-ce qui se cache r\u00e9ellement derri\u00e8re un \\\"b\u00e2timent z\u00e9ro CO2\\\" ou \\\"neutre en carbone\\\" ?\",\"breadcrumb\":{\"@id\":\"https:\\\/\\\/www.matriciel.be\\\/essenciel_zero_co2\\\/#breadcrumb\"},\"inLanguage\":\"nl-NL\",\"potentialAction\":[{\"@type\":\"ReadAction\",\"target\":[\"https:\\\/\\\/www.matriciel.be\\\/essenciel_zero_co2\\\/\"]}]},{\"@type\":\"ImageObject\",\"inLanguage\":\"nl-NL\",\"@id\":\"https:\\\/\\\/www.matriciel.be\\\/essenciel_zero_co2\\\/#primaryimage\",\"url\":\"https:\\\/\\\/www.matriciel.be\\\/wp-content\\\/uploads\\\/2022\\\/11\\\/News-ESSENciel-Batiment-Zero-CO2_221117_AB-Image-Silde-SB.png\",\"contentUrl\":\"https:\\\/\\\/www.matriciel.be\\\/wp-content\\\/uploads\\\/2022\\\/11\\\/News-ESSENciel-Batiment-Zero-CO2_221117_AB-Image-Silde-SB.png\",\"width\":605,\"height\":553,\"caption\":\"ESSENciel -B\u00e2timent \\\"z\u00e9ro-CO2\\\": r\u00e9alit\u00e9 ou greenwashing ?\"},{\"@type\":\"BreadcrumbList\",\"@id\":\"https:\\\/\\\/www.matriciel.be\\\/essenciel_zero_co2\\\/#breadcrumb\",\"itemListElement\":[{\"@type\":\"ListItem\",\"position\":1,\"name\":\"Accueil\",\"item\":\"https:\\\/\\\/www.matriciel.be\\\/nl\\\/\"},{\"@type\":\"ListItem\",\"position\":2,\"name\":\"Session d&rsquo;information ESSENciel &#8211; B\u00e2timent \u00ab\u00a0z\u00e9ro-CO2\u00a0\u00bb: r\u00e9alit\u00e9 ou greenwashing ?\"}]},{\"@type\":\"WebSite\",\"@id\":\"https:\\\/\\\/www.matriciel.be\\\/#website\",\"url\":\"https:\\\/\\\/www.matriciel.be\\\/\",\"name\":\"MATRIciel\",\"description\":\"Bureau d&#039;\u00e9tude et de conseil en architecture durable\",\"potentialAction\":[{\"@type\":\"SearchAction\",\"target\":{\"@type\":\"EntryPoint\",\"urlTemplate\":\"https:\\\/\\\/www.matriciel.be\\\/?s={search_term_string}\"},\"query-input\":{\"@type\":\"PropertyValueSpecification\",\"valueRequired\":true,\"valueName\":\"search_term_string\"}}],\"inLanguage\":\"nl-NL\"},{\"@type\":\"Person\",\"@id\":\"https:\\\/\\\/www.matriciel.be\\\/#\\\/schema\\\/person\\\/44a6df2b7f4b9aa38fd89d2a2e3036bf\",\"name\":\"catherine\"}]}<\/script>\n<!-- \/ Yoast SEO plugin. -->","yoast_head_json":{"title":"Session d'information ESSENciel - B\u00e2timent \"z\u00e9ro-CO2\": r\u00e9alit\u00e9 ou greenwashing ? - MATRIciel","description":"COP27 : qu'est-ce qui se cache r\u00e9ellement derri\u00e8re un \"b\u00e2timent z\u00e9ro CO2\" ou \"neutre en carbone\" ?","robots":{"index":"index","follow":"follow","max-snippet":"max-snippet:-1","max-image-preview":"max-image-preview:large","max-video-preview":"max-video-preview:-1"},"canonical":"https:\/\/www.matriciel.be\/essenciel_zero_co2\/","og_locale":"nl_NL","og_type":"article","og_title":"Session d'information ESSENciel - B\u00e2timent \"z\u00e9ro-CO2\": r\u00e9alit\u00e9 ou greenwashing ? - MATRIciel","og_description":"COP27 : qu'est-ce qui se cache r\u00e9ellement derri\u00e8re un \"b\u00e2timent z\u00e9ro CO2\" ou \"neutre en carbone\" ?","og_url":"https:\/\/www.matriciel.be\/essenciel_zero_co2\/","og_site_name":"MATRIciel","article_published_time":"2022-11-18T11:27:55+00:00","article_modified_time":"2022-11-21T14:22:50+00:00","og_image":[{"width":605,"height":553,"url":"https:\/\/www.matriciel.be\/wp-content\/uploads\/2022\/11\/News-ESSENciel-Batiment-Zero-CO2_221117_AB-Image-Silde-SB.png","type":"image\/png"}],"author":"catherine","twitter_card":"summary_large_image","twitter_misc":{"Geschreven door":"catherine","Geschatte leestijd":"3 minuten"},"schema":{"@context":"https:\/\/schema.org","@graph":[{"@type":"Article","@id":"https:\/\/www.matriciel.be\/essenciel_zero_co2\/#article","isPartOf":{"@id":"https:\/\/www.matriciel.be\/essenciel_zero_co2\/"},"author":{"name":"catherine","@id":"https:\/\/www.matriciel.be\/#\/schema\/person\/44a6df2b7f4b9aa38fd89d2a2e3036bf"},"headline":"Session d&#8217;information ESSENciel &#8211; B\u00e2timent &#8220;z\u00e9ro-CO2&#8221;: r\u00e9alit\u00e9 ou greenwashing ?","datePublished":"2022-11-18T11:27:55+00:00","dateModified":"2022-11-21T14:22:50+00:00","mainEntityOfPage":{"@id":"https:\/\/www.matriciel.be\/essenciel_zero_co2\/"},"wordCount":564,"image":{"@id":"https:\/\/www.matriciel.be\/essenciel_zero_co2\/#primaryimage"},"thumbnailUrl":"https:\/\/www.matriciel.be\/wp-content\/uploads\/2022\/11\/News-ESSENciel-Batiment-Zero-CO2_221117_AB-Image-Silde-SB.png","keywords":["Neutre carbone","Z\u00e9ro CO2"],"articleSection":["Formations"],"inLanguage":"nl-NL"},{"@type":"WebPage","@id":"https:\/\/www.matriciel.be\/essenciel_zero_co2\/","url":"https:\/\/www.matriciel.be\/essenciel_zero_co2\/","name":"Session d'information ESSENciel - B\u00e2timent \"z\u00e9ro-CO2\": r\u00e9alit\u00e9 ou greenwashing ? - MATRIciel","isPartOf":{"@id":"https:\/\/www.matriciel.be\/#website"},"primaryImageOfPage":{"@id":"https:\/\/www.matriciel.be\/essenciel_zero_co2\/#primaryimage"},"image":{"@id":"https:\/\/www.matriciel.be\/essenciel_zero_co2\/#primaryimage"},"thumbnailUrl":"https:\/\/www.matriciel.be\/wp-content\/uploads\/2022\/11\/News-ESSENciel-Batiment-Zero-CO2_221117_AB-Image-Silde-SB.png","datePublished":"2022-11-18T11:27:55+00:00","dateModified":"2022-11-21T14:22:50+00:00","author":{"@id":"https:\/\/www.matriciel.be\/#\/schema\/person\/44a6df2b7f4b9aa38fd89d2a2e3036bf"},"description":"COP27 : qu'est-ce qui se cache r\u00e9ellement derri\u00e8re un \"b\u00e2timent z\u00e9ro CO2\" ou \"neutre en carbone\" ?","breadcrumb":{"@id":"https:\/\/www.matriciel.be\/essenciel_zero_co2\/#breadcrumb"},"inLanguage":"nl-NL","potentialAction":[{"@type":"ReadAction","target":["https:\/\/www.matriciel.be\/essenciel_zero_co2\/"]}]},{"@type":"ImageObject","inLanguage":"nl-NL","@id":"https:\/\/www.matriciel.be\/essenciel_zero_co2\/#primaryimage","url":"https:\/\/www.matriciel.be\/wp-content\/uploads\/2022\/11\/News-ESSENciel-Batiment-Zero-CO2_221117_AB-Image-Silde-SB.png","contentUrl":"https:\/\/www.matriciel.be\/wp-content\/uploads\/2022\/11\/News-ESSENciel-Batiment-Zero-CO2_221117_AB-Image-Silde-SB.png","width":605,"height":553,"caption":"ESSENciel -B\u00e2timent \"z\u00e9ro-CO2\": r\u00e9alit\u00e9 ou greenwashing ?"},{"@type":"BreadcrumbList","@id":"https:\/\/www.matriciel.be\/essenciel_zero_co2\/#breadcrumb","itemListElement":[{"@type":"ListItem","position":1,"name":"Accueil","item":"https:\/\/www.matriciel.be\/nl\/"},{"@type":"ListItem","position":2,"name":"Session d&rsquo;information ESSENciel &#8211; B\u00e2timent \u00ab\u00a0z\u00e9ro-CO2\u00a0\u00bb: r\u00e9alit\u00e9 ou greenwashing ?"}]},{"@type":"WebSite","@id":"https:\/\/www.matriciel.be\/#website","url":"https:\/\/www.matriciel.be\/","name":"MATRIciel","description":"Bureau d&#039;\u00e9tude et de conseil en architecture durable","potentialAction":[{"@type":"SearchAction","target":{"@type":"EntryPoint","urlTemplate":"https:\/\/www.matriciel.be\/?s={search_term_string}"},"query-input":{"@type":"PropertyValueSpecification","valueRequired":true,"valueName":"search_term_string"}}],"inLanguage":"nl-NL"},{"@type":"Person","@id":"https:\/\/www.matriciel.be\/#\/schema\/person\/44a6df2b7f4b9aa38fd89d2a2e3036bf","name":"catherine"}]}},"jetpack_featured_media_url":"https:\/\/www.matriciel.be\/wp-content\/uploads\/2022\/11\/News-ESSENciel-Batiment-Zero-CO2_221117_AB-Image-Silde-SB.png","jetpack_shortlink":"https:\/\/wp.me\/p8HVJL-3BB","jetpack_sharing_enabled":true,"_links":{"self":[{"href":"https:\/\/www.matriciel.be\/nl\/wp-json\/wp\/v2\/posts\/13863","targetHints":{"allow":["GET"]}}],"collection":[{"href":"https:\/\/www.matriciel.be\/nl\/wp-json\/wp\/v2\/posts"}],"about":[{"href":"https:\/\/www.matriciel.be\/nl\/wp-json\/wp\/v2\/types\/post"}],"author":[{"embeddable":true,"href":"https:\/\/www.matriciel.be\/nl\/wp-json\/wp\/v2\/users\/5"}],"replies":[{"embeddable":true,"href":"https:\/\/www.matriciel.be\/nl\/wp-json\/wp\/v2\/comments?post=13863"}],"version-history":[{"count":8,"href":"https:\/\/www.matriciel.be\/nl\/wp-json\/wp\/v2\/posts\/13863\/revisions"}],"predecessor-version":[{"id":13930,"href":"https:\/\/www.matriciel.be\/nl\/wp-json\/wp\/v2\/posts\/13863\/revisions\/13930"}],"wp:featuredmedia":[{"embeddable":true,"href":"https:\/\/www.matriciel.be\/nl\/wp-json\/wp\/v2\/media\/13868"}],"wp:attachment":[{"href":"https:\/\/www.matriciel.be\/nl\/wp-json\/wp\/v2\/media?parent=13863"}],"wp:term":[{"taxonomy":"category","embeddable":true,"href":"https:\/\/www.matriciel.be\/nl\/wp-json\/wp\/v2\/categories?post=13863"},{"taxonomy":"post_tag","embeddable":true,"href":"https:\/\/www.matriciel.be\/nl\/wp-json\/wp\/v2\/tags?post=13863"}],"curies":[{"name":"wp","href":"https:\/\/api.w.org\/{rel}","templated":true}]}}