{"id":1575,"date":"2018-01-18T12:08:28","date_gmt":"2018-01-18T11:08:28","guid":{"rendered":"https:\/\/agencepoush-newmatriciel.pf503.wpserveur.net\/?p=1575"},"modified":"2018-01-22T14:02:43","modified_gmt":"2018-01-22T13:02:43","slug":"vivalia2025-chr-centre-sud","status":"publish","type":"post","link":"https:\/\/www.matriciel.be\/nl\/vivalia2025-chr-centre-sud\/","title":{"rendered":"VIVALIA 2025 &#8211; Complexe hospitalier r\u00e9gional Centre Sud"},"content":{"rendered":"<div id=\"lipsum\">\n<h2>MATRI<em>ciel<\/em>\u00a0fait partie de l&#8217;\u00e9quipe qui r\u00e9alisera le Complexe hospitalier Centre Sud \u00e0 Houdemont.<\/h2>\n<\/div>\n<p><strong>Un h\u00f4pital durable et connect\u00e9 dans un campus de sant\u00e9<\/strong><\/p>\n<p>Le nouveau complexe hospitalier comptera entre 550 et 650 lits et places d\u2019h\u00f4pitaux de jour. Il regroupera une grande partie des activit\u00e9s aig\u00fces de VIVALIA sur le site de Houdemont, en bordure de l\u2019autoroute E411-E25.<\/p>\n<p>Inscrit dans une d\u00e9marche respectueuse de l\u2019environnement, le projet prendra en compte les lignes de force du paysage pour implanter les diff\u00e9rentes activit\u00e9s et d\u00e9velopper \u00e0 terme un campus de soins.<\/p>\n<p>Flexibilit\u00e9 spatiale, confort du patient, ergonomie et parcours de soins sont autant de th\u00e8mes qui seront plac\u00e9s au c\u0153ur du futur h\u00f4pital par l\u2019\u00e9quipe de conception, qui s\u2019est distingu\u00e9e notamment en proposant une organisation innovante du service des urgences, bas\u00e9e sur une prise en charge par fili\u00e8res de soins. Le nouvel h\u00f4pital sera par ailleurs enti\u00e8rement con\u00e7u et d\u00e9velopp\u00e9 selon un processus BIM collaboratif, et ce d\u00e8s le stade de la programmation.<\/p>\n<p><strong>Une \u00e9quipe exp\u00e9riment\u00e9e pour concevoir l\u2019h\u00f4pital de demain<\/strong><\/p>\n<p>Flexibilit\u00e9 spatiale, confort du patient, ergonomie et parcours de soins sont autant de th\u00e8mes qui seront\u00a0plac\u00e9s au c\u0153ur du futur h\u00f4pital par l\u2019\u00e9quipe de conception, qui s\u2019est distingu\u00e9e notamment en proposant\u00a0une organisation innovante du service des urgences, bas\u00e9e sur une prise en charge par fili\u00e8res de soins. Le\u00a0nouvel h\u00f4pital sera par ailleurs enti\u00e8rement con\u00e7u et d\u00e9velopp\u00e9 selon un processus BIM collaboratif, et ce\u00a0d\u00e8s le stade de la programmation.<br \/>\nAu sein de l\u2019\u00e9quipe, archipelago | baev apporte son exp\u00e9rience de la conception hospitali\u00e8re en architecture\u00a0et en coordination des \u00e9tudes, APSIS Sant\u00e9 en programmation, M&amp;R Engineering pour les installations\u00a0techniques, B.E.Greisch pour la stabilit\u00e9, MATRIciel pour la PEB et la durabilit\u00e9 et COSEP pour la coordination s\u00e9curit\u00e9\u00a0sant\u00e9 et la planification. Les bureaux d\u2019architecture A3 et alinea ter, ainsi que le bureau d\u2019\u00e9tudes techniques\u00a0BGS-BNS, tr\u00e8s actifs et reconnus dans la province du Luxembourg, compl\u00e8tent l\u2019\u00e9quipe.<\/p>\n<p><strong>Informations g\u00e9n\u00e9rales<\/strong><\/p>\n<p><strong>Ma\u00eetre de l\u2019Ouvrage<\/strong>\u00a0:\u00a0VIVALIA<br \/>\n<strong>Architectes<\/strong>\u00a0: archipelago | baev,\u00a0\u00a0A3 et alinea ter<\/p>\n","protected":false},"excerpt":{"rendered":"<p>MATRIciel\u00a0fait partie de l&#8217;\u00e9quipe qui r\u00e9alisera le Complexe hospitalier Centre Sud \u00e0 Houdemont.<\/p>\n","protected":false},"author":5,"featured_media":1576,"comment_status":"closed","ping_status":"closed","sticky":false,"template":"","format":"standard","meta":{"_jetpack_memberships_contains_paid_content":false,"footnotes":""},"categories":[102],"tags":[103,104,71],"class_list":["post-1575","post","type-post","status-publish","format-standard","has-post-thumbnail","hentry","category-hopitaux","tag-bim","tag-environnement","tag-peb","category-102","description-off"],"yoast_head":"<!-- This site is optimized with the Yoast SEO plugin v27.5 - https:\/\/yoast.com\/product\/yoast-seo-wordpress\/ -->\n<title>VIVALIA 2025 - COMPLEXE HOSPITALIER R\u00c9GIONAL CENTRE SUD<\/title>\n<meta name=\"description\" content=\"Nouveau complexe hospitalier : de 550 \u00e0 650 lits, places d\u2019h\u00f4pitaux de jour et grande partie des activit\u00e9s aig\u00fces de VIVALIA \u00e0 Houdemont.\" \/>\n<meta name=\"robots\" content=\"index, follow, max-snippet:-1, max-image-preview:large, max-video-preview:-1\" \/>\n<link rel=\"canonical\" href=\"https:\/\/www.matriciel.be\/vivalia2025-chr-centre-sud\/\" \/>\n<meta property=\"og:locale\" content=\"nl_NL\" \/>\n<meta property=\"og:type\" content=\"article\" \/>\n<meta property=\"og:title\" content=\"VIVALIA 2025 - COMPLEXE HOSPITALIER R\u00c9GIONAL CENTRE SUD\" \/>\n<meta property=\"og:description\" content=\"Nouveau complexe hospitalier : de 550 \u00e0 650 lits, places d\u2019h\u00f4pitaux de jour et grande partie des activit\u00e9s aig\u00fces de VIVALIA \u00e0 Houdemont.\" \/>\n<meta property=\"og:url\" content=\"https:\/\/www.matriciel.be\/vivalia2025-chr-centre-sud\/\" \/>\n<meta property=\"og:site_name\" content=\"MATRIciel\" \/>\n<meta property=\"article:published_time\" content=\"2018-01-18T11:08:28+00:00\" \/>\n<meta property=\"article:modified_time\" content=\"2018-01-22T13:02:43+00:00\" \/>\n<meta property=\"og:image\" content=\"https:\/\/www.matriciel.be\/wp-content\/uploads\/2018\/01\/B17004_vue-int\u00e9rieure\u00a9Horoma.jpg\" \/>\n\t<meta property=\"og:image:width\" content=\"1500\" \/>\n\t<meta property=\"og:image:height\" content=\"843\" \/>\n\t<meta property=\"og:image:type\" content=\"image\/jpeg\" \/>\n<meta name=\"author\" content=\"catherine\" \/>\n<meta name=\"twitter:card\" content=\"summary_large_image\" \/>\n<meta name=\"twitter:label1\" content=\"Geschreven door\" \/>\n\t<meta name=\"twitter:data1\" content=\"catherine\" \/>\n\t<meta name=\"twitter:label2\" content=\"Geschatte leestijd\" \/>\n\t<meta name=\"twitter:data2\" content=\"2 minuten\" \/>\n<script type=\"application\/ld+json\" class=\"yoast-schema-graph\">{\"@context\":\"https:\\\/\\\/schema.org\",\"@graph\":[{\"@type\":\"Article\",\"@id\":\"https:\\\/\\\/www.matriciel.be\\\/vivalia2025-chr-centre-sud\\\/#article\",\"isPartOf\":{\"@id\":\"https:\\\/\\\/www.matriciel.be\\\/vivalia2025-chr-centre-sud\\\/\"},\"author\":{\"name\":\"catherine\",\"@id\":\"https:\\\/\\\/www.matriciel.be\\\/#\\\/schema\\\/person\\\/44a6df2b7f4b9aa38fd89d2a2e3036bf\"},\"headline\":\"VIVALIA 2025 &#8211; Complexe hospitalier r\u00e9gional Centre Sud\",\"datePublished\":\"2018-01-18T11:08:28+00:00\",\"dateModified\":\"2018-01-22T13:02:43+00:00\",\"mainEntityOfPage\":{\"@id\":\"https:\\\/\\\/www.matriciel.be\\\/vivalia2025-chr-centre-sud\\\/\"},\"wordCount\":398,\"image\":{\"@id\":\"https:\\\/\\\/www.matriciel.be\\\/vivalia2025-chr-centre-sud\\\/#primaryimage\"},\"thumbnailUrl\":\"https:\\\/\\\/www.matriciel.be\\\/wp-content\\\/uploads\\\/2018\\\/01\\\/B17004_vue-int\u00e9rieure\u00a9Horoma.jpg\",\"keywords\":[\"BIM\",\"Environnement\",\"PEB\"],\"articleSection\":[\"H\u00f4pitaux\"],\"inLanguage\":\"nl-NL\"},{\"@type\":\"WebPage\",\"@id\":\"https:\\\/\\\/www.matriciel.be\\\/vivalia2025-chr-centre-sud\\\/\",\"url\":\"https:\\\/\\\/www.matriciel.be\\\/vivalia2025-chr-centre-sud\\\/\",\"name\":\"VIVALIA 2025 - COMPLEXE HOSPITALIER R\u00c9GIONAL CENTRE SUD\",\"isPartOf\":{\"@id\":\"https:\\\/\\\/www.matriciel.be\\\/#website\"},\"primaryImageOfPage\":{\"@id\":\"https:\\\/\\\/www.matriciel.be\\\/vivalia2025-chr-centre-sud\\\/#primaryimage\"},\"image\":{\"@id\":\"https:\\\/\\\/www.matriciel.be\\\/vivalia2025-chr-centre-sud\\\/#primaryimage\"},\"thumbnailUrl\":\"https:\\\/\\\/www.matriciel.be\\\/wp-content\\\/uploads\\\/2018\\\/01\\\/B17004_vue-int\u00e9rieure\u00a9Horoma.jpg\",\"datePublished\":\"2018-01-18T11:08:28+00:00\",\"dateModified\":\"2018-01-22T13:02:43+00:00\",\"author\":{\"@id\":\"https:\\\/\\\/www.matriciel.be\\\/#\\\/schema\\\/person\\\/44a6df2b7f4b9aa38fd89d2a2e3036bf\"},\"description\":\"Nouveau complexe hospitalier : de 550 \u00e0 650 lits, places d\u2019h\u00f4pitaux de jour et grande partie des activit\u00e9s aig\u00fces de VIVALIA \u00e0 Houdemont.\",\"breadcrumb\":{\"@id\":\"https:\\\/\\\/www.matriciel.be\\\/vivalia2025-chr-centre-sud\\\/#breadcrumb\"},\"inLanguage\":\"nl-NL\",\"potentialAction\":[{\"@type\":\"ReadAction\",\"target\":[\"https:\\\/\\\/www.matriciel.be\\\/vivalia2025-chr-centre-sud\\\/\"]}]},{\"@type\":\"ImageObject\",\"inLanguage\":\"nl-NL\",\"@id\":\"https:\\\/\\\/www.matriciel.be\\\/vivalia2025-chr-centre-sud\\\/#primaryimage\",\"url\":\"https:\\\/\\\/www.matriciel.be\\\/wp-content\\\/uploads\\\/2018\\\/01\\\/B17004_vue-int\u00e9rieure\u00a9Horoma.jpg\",\"contentUrl\":\"https:\\\/\\\/www.matriciel.be\\\/wp-content\\\/uploads\\\/2018\\\/01\\\/B17004_vue-int\u00e9rieure\u00a9Horoma.jpg\",\"width\":1500,\"height\":843,\"caption\":\"VIVALIA 2025 - Complexe hospitalier r\u00e9gional Centre Sud \u00e0 Houdemont\"},{\"@type\":\"BreadcrumbList\",\"@id\":\"https:\\\/\\\/www.matriciel.be\\\/vivalia2025-chr-centre-sud\\\/#breadcrumb\",\"itemListElement\":[{\"@type\":\"ListItem\",\"position\":1,\"name\":\"Accueil\",\"item\":\"https:\\\/\\\/www.matriciel.be\\\/nl\\\/\"},{\"@type\":\"ListItem\",\"position\":2,\"name\":\"VIVALIA 2025 &#8211; Complexe hospitalier r\u00e9gional Centre Sud\"}]},{\"@type\":\"WebSite\",\"@id\":\"https:\\\/\\\/www.matriciel.be\\\/#website\",\"url\":\"https:\\\/\\\/www.matriciel.be\\\/\",\"name\":\"MATRIciel\",\"description\":\"Bureau d&#039;\u00e9tude et de conseil en architecture durable\",\"potentialAction\":[{\"@type\":\"SearchAction\",\"target\":{\"@type\":\"EntryPoint\",\"urlTemplate\":\"https:\\\/\\\/www.matriciel.be\\\/?s={search_term_string}\"},\"query-input\":{\"@type\":\"PropertyValueSpecification\",\"valueRequired\":true,\"valueName\":\"search_term_string\"}}],\"inLanguage\":\"nl-NL\"},{\"@type\":\"Person\",\"@id\":\"https:\\\/\\\/www.matriciel.be\\\/#\\\/schema\\\/person\\\/44a6df2b7f4b9aa38fd89d2a2e3036bf\",\"name\":\"catherine\"}]}<\/script>\n<!-- \/ Yoast SEO plugin. -->","yoast_head_json":{"title":"VIVALIA 2025 - COMPLEXE HOSPITALIER R\u00c9GIONAL CENTRE SUD","description":"Nouveau complexe hospitalier : de 550 \u00e0 650 lits, places d\u2019h\u00f4pitaux de jour et grande partie des activit\u00e9s aig\u00fces de VIVALIA \u00e0 Houdemont.","robots":{"index":"index","follow":"follow","max-snippet":"max-snippet:-1","max-image-preview":"max-image-preview:large","max-video-preview":"max-video-preview:-1"},"canonical":"https:\/\/www.matriciel.be\/vivalia2025-chr-centre-sud\/","og_locale":"nl_NL","og_type":"article","og_title":"VIVALIA 2025 - COMPLEXE HOSPITALIER R\u00c9GIONAL CENTRE SUD","og_description":"Nouveau complexe hospitalier : de 550 \u00e0 650 lits, places d\u2019h\u00f4pitaux de jour et grande partie des activit\u00e9s aig\u00fces de VIVALIA \u00e0 Houdemont.","og_url":"https:\/\/www.matriciel.be\/vivalia2025-chr-centre-sud\/","og_site_name":"MATRIciel","article_published_time":"2018-01-18T11:08:28+00:00","article_modified_time":"2018-01-22T13:02:43+00:00","og_image":[{"width":1500,"height":843,"url":"https:\/\/www.matriciel.be\/wp-content\/uploads\/2018\/01\/B17004_vue-int\u00e9rieure\u00a9Horoma.jpg","type":"image\/jpeg"}],"author":"catherine","twitter_card":"summary_large_image","twitter_misc":{"Geschreven door":"catherine","Geschatte leestijd":"2 minuten"},"schema":{"@context":"https:\/\/schema.org","@graph":[{"@type":"Article","@id":"https:\/\/www.matriciel.be\/vivalia2025-chr-centre-sud\/#article","isPartOf":{"@id":"https:\/\/www.matriciel.be\/vivalia2025-chr-centre-sud\/"},"author":{"name":"catherine","@id":"https:\/\/www.matriciel.be\/#\/schema\/person\/44a6df2b7f4b9aa38fd89d2a2e3036bf"},"headline":"VIVALIA 2025 &#8211; Complexe hospitalier r\u00e9gional Centre Sud","datePublished":"2018-01-18T11:08:28+00:00","dateModified":"2018-01-22T13:02:43+00:00","mainEntityOfPage":{"@id":"https:\/\/www.matriciel.be\/vivalia2025-chr-centre-sud\/"},"wordCount":398,"image":{"@id":"https:\/\/www.matriciel.be\/vivalia2025-chr-centre-sud\/#primaryimage"},"thumbnailUrl":"https:\/\/www.matriciel.be\/wp-content\/uploads\/2018\/01\/B17004_vue-int\u00e9rieure\u00a9Horoma.jpg","keywords":["BIM","Environnement","PEB"],"articleSection":["H\u00f4pitaux"],"inLanguage":"nl-NL"},{"@type":"WebPage","@id":"https:\/\/www.matriciel.be\/vivalia2025-chr-centre-sud\/","url":"https:\/\/www.matriciel.be\/vivalia2025-chr-centre-sud\/","name":"VIVALIA 2025 - COMPLEXE HOSPITALIER R\u00c9GIONAL CENTRE SUD","isPartOf":{"@id":"https:\/\/www.matriciel.be\/#website"},"primaryImageOfPage":{"@id":"https:\/\/www.matriciel.be\/vivalia2025-chr-centre-sud\/#primaryimage"},"image":{"@id":"https:\/\/www.matriciel.be\/vivalia2025-chr-centre-sud\/#primaryimage"},"thumbnailUrl":"https:\/\/www.matriciel.be\/wp-content\/uploads\/2018\/01\/B17004_vue-int\u00e9rieure\u00a9Horoma.jpg","datePublished":"2018-01-18T11:08:28+00:00","dateModified":"2018-01-22T13:02:43+00:00","author":{"@id":"https:\/\/www.matriciel.be\/#\/schema\/person\/44a6df2b7f4b9aa38fd89d2a2e3036bf"},"description":"Nouveau complexe hospitalier : de 550 \u00e0 650 lits, places d\u2019h\u00f4pitaux de jour et grande partie des activit\u00e9s aig\u00fces de VIVALIA \u00e0 Houdemont.","breadcrumb":{"@id":"https:\/\/www.matriciel.be\/vivalia2025-chr-centre-sud\/#breadcrumb"},"inLanguage":"nl-NL","potentialAction":[{"@type":"ReadAction","target":["https:\/\/www.matriciel.be\/vivalia2025-chr-centre-sud\/"]}]},{"@type":"ImageObject","inLanguage":"nl-NL","@id":"https:\/\/www.matriciel.be\/vivalia2025-chr-centre-sud\/#primaryimage","url":"https:\/\/www.matriciel.be\/wp-content\/uploads\/2018\/01\/B17004_vue-int\u00e9rieure\u00a9Horoma.jpg","contentUrl":"https:\/\/www.matriciel.be\/wp-content\/uploads\/2018\/01\/B17004_vue-int\u00e9rieure\u00a9Horoma.jpg","width":1500,"height":843,"caption":"VIVALIA 2025 - Complexe hospitalier r\u00e9gional Centre Sud \u00e0 Houdemont"},{"@type":"BreadcrumbList","@id":"https:\/\/www.matriciel.be\/vivalia2025-chr-centre-sud\/#breadcrumb","itemListElement":[{"@type":"ListItem","position":1,"name":"Accueil","item":"https:\/\/www.matriciel.be\/nl\/"},{"@type":"ListItem","position":2,"name":"VIVALIA 2025 &#8211; Complexe hospitalier r\u00e9gional Centre Sud"}]},{"@type":"WebSite","@id":"https:\/\/www.matriciel.be\/#website","url":"https:\/\/www.matriciel.be\/","name":"MATRIciel","description":"Bureau d&#039;\u00e9tude et de conseil en architecture durable","potentialAction":[{"@type":"SearchAction","target":{"@type":"EntryPoint","urlTemplate":"https:\/\/www.matriciel.be\/?s={search_term_string}"},"query-input":{"@type":"PropertyValueSpecification","valueRequired":true,"valueName":"search_term_string"}}],"inLanguage":"nl-NL"},{"@type":"Person","@id":"https:\/\/www.matriciel.be\/#\/schema\/person\/44a6df2b7f4b9aa38fd89d2a2e3036bf","name":"catherine"}]}},"jetpack_featured_media_url":"https:\/\/www.matriciel.be\/wp-content\/uploads\/2018\/01\/B17004_vue-int\u00e9rieure\u00a9Horoma.jpg","jetpack_shortlink":"https:\/\/wp.me\/p8HVJL-pp","jetpack_sharing_enabled":true,"_links":{"self":[{"href":"https:\/\/www.matriciel.be\/nl\/wp-json\/wp\/v2\/posts\/1575","targetHints":{"allow":["GET"]}}],"collection":[{"href":"https:\/\/www.matriciel.be\/nl\/wp-json\/wp\/v2\/posts"}],"about":[{"href":"https:\/\/www.matriciel.be\/nl\/wp-json\/wp\/v2\/types\/post"}],"author":[{"embeddable":true,"href":"https:\/\/www.matriciel.be\/nl\/wp-json\/wp\/v2\/users\/5"}],"replies":[{"embeddable":true,"href":"https:\/\/www.matriciel.be\/nl\/wp-json\/wp\/v2\/comments?post=1575"}],"version-history":[{"count":0,"href":"https:\/\/www.matriciel.be\/nl\/wp-json\/wp\/v2\/posts\/1575\/revisions"}],"wp:featuredmedia":[{"embeddable":true,"href":"https:\/\/www.matriciel.be\/nl\/wp-json\/wp\/v2\/media\/1576"}],"wp:attachment":[{"href":"https:\/\/www.matriciel.be\/nl\/wp-json\/wp\/v2\/media?parent=1575"}],"wp:term":[{"taxonomy":"category","embeddable":true,"href":"https:\/\/www.matriciel.be\/nl\/wp-json\/wp\/v2\/categories?post=1575"},{"taxonomy":"post_tag","embeddable":true,"href":"https:\/\/www.matriciel.be\/nl\/wp-json\/wp\/v2\/tags?post=1575"}],"curies":[{"name":"wp","href":"https:\/\/api.w.org\/{rel}","templated":true}]}}