{"id":19717,"date":"2024-01-10T10:57:19","date_gmt":"2024-01-10T09:57:19","guid":{"rendered":"https:\/\/www.matriciel.be\/?p=19717"},"modified":"2024-02-12T15:09:22","modified_gmt":"2024-02-12T14:09:22","slug":"baptiste-carolina-hajar","status":"publish","type":"post","link":"https:\/\/www.matriciel.be\/nl\/baptiste-carolina-hajar\/","title":{"rendered":"Bienvenue \u00e0 Baptiste, Carolina et Hajar !"},"content":{"rendered":"<p>MATRIciel a accueilli r\u00e9cemment Carolina Belmar et Baptiste Bodart qui renforcent le <a style=\"color: #005177; outline: 0px; text-decoration-line: none;\" href=\"https:\/\/www.matriciel.be\/expertise\/\" target=\"_blank\" rel=\"noopener\">p\u00f4le Techniques sp\u00e9ciales<\/a> en tant qu&#8217;assistants de projets.<\/p>\n<p>Le P\u00f4le <a style=\"color: #005177; outline: 0px; text-decoration-line: none;\" href=\"https:\/\/www.matriciel.be\/expertise\/\" target=\"_blank\" rel=\"noopener\">P\u00f4le Energie et Environnement<\/a>, quant \u00e0 lui, s&#8217;est vu renforc\u00e9 par l&#8217;arriv\u00e9e de Hajar Serrhini Naji, jeune dipl\u00f4m\u00e9e d&#8217;un Master of Water Resources Engineering \u00e0 la KULeuven<\/p>\n<p>Bienvenue \u00e0 tous les trois !<\/p>\n","protected":false},"excerpt":{"rendered":"<p>MATRIciel a accueilli r\u00e9cemment Carolina Belmar et Baptiste Bodart qui renforcent le p\u00f4le Techniques sp\u00e9ciales en tant qu&#8217;assistants de projets. Le P\u00f4le P\u00f4le Energie et Environnement, quant \u00e0 lui, s&#8217;est vu renforc\u00e9 par l&#8217;arriv\u00e9e de Hajar Serrhini Naji, jeune dipl\u00f4m\u00e9e d&#8217;un Master of Water Resources Engineering \u00e0 la KULeuven Bienvenue \u00e0 tous les trois !<\/p>\n","protected":false},"author":5,"featured_media":19729,"comment_status":"closed","ping_status":"closed","sticky":false,"template":"","format":"standard","meta":{"_jetpack_memberships_contains_paid_content":false,"footnotes":""},"categories":[54],"tags":[],"class_list":["post-19717","post","type-post","status-publish","format-standard","has-post-thumbnail","hentry","category-lequipe","category-54","description-off"],"yoast_head":"<!-- This site is optimized with the Yoast SEO plugin v27.5 - https:\/\/yoast.com\/product\/yoast-seo-wordpress\/ -->\n<title>Bienvenue \u00e0 Baptiste, Carolina et Hajar ! - MATRIciel<\/title>\n<meta name=\"description\" content=\"MATRIciel accueille de nouveaux collaborateurs, pour renforcer son expertise en \u00e9tude des techniques sp\u00e9ciales et gestion des eaux pluviales\" \/>\n<meta name=\"robots\" content=\"index, follow, max-snippet:-1, max-image-preview:large, max-video-preview:-1\" \/>\n<link rel=\"canonical\" href=\"https:\/\/www.matriciel.be\/baptiste-carolina-hajar\/\" \/>\n<meta property=\"og:locale\" content=\"nl_NL\" \/>\n<meta property=\"og:type\" content=\"article\" \/>\n<meta property=\"og:title\" content=\"Bienvenue \u00e0 Baptiste, Carolina et Hajar ! - MATRIciel\" \/>\n<meta property=\"og:description\" content=\"MATRIciel accueille de nouveaux collaborateurs, pour renforcer son expertise en \u00e9tude des techniques sp\u00e9ciales et gestion des eaux pluviales\" \/>\n<meta property=\"og:url\" content=\"https:\/\/www.matriciel.be\/baptiste-carolina-hajar\/\" \/>\n<meta property=\"og:site_name\" content=\"MATRIciel\" \/>\n<meta property=\"article:published_time\" content=\"2024-01-10T09:57:19+00:00\" \/>\n<meta property=\"article:modified_time\" content=\"2024-02-12T14:09:22+00:00\" \/>\n<meta property=\"og:image\" content=\"https:\/\/www.matriciel.be\/wp-content\/uploads\/2024\/01\/Baptiste-Hajar-et-Carolina-pour-site-bis-2-rotated.jpg\" \/>\n\t<meta property=\"og:image:width\" content=\"1200\" \/>\n\t<meta property=\"og:image:height\" content=\"680\" \/>\n\t<meta property=\"og:image:type\" content=\"image\/jpeg\" \/>\n<meta name=\"author\" content=\"catherine\" \/>\n<meta name=\"twitter:card\" content=\"summary_large_image\" \/>\n<meta name=\"twitter:label1\" content=\"Geschreven door\" \/>\n\t<meta name=\"twitter:data1\" content=\"catherine\" \/>\n\t<meta name=\"twitter:label2\" content=\"Geschatte leestijd\" \/>\n\t<meta name=\"twitter:data2\" content=\"1 minuut\" \/>\n<script type=\"application\/ld+json\" class=\"yoast-schema-graph\">{\"@context\":\"https:\\\/\\\/schema.org\",\"@graph\":[{\"@type\":\"Article\",\"@id\":\"https:\\\/\\\/www.matriciel.be\\\/baptiste-carolina-hajar\\\/#article\",\"isPartOf\":{\"@id\":\"https:\\\/\\\/www.matriciel.be\\\/baptiste-carolina-hajar\\\/\"},\"author\":{\"name\":\"catherine\",\"@id\":\"https:\\\/\\\/www.matriciel.be\\\/#\\\/schema\\\/person\\\/44a6df2b7f4b9aa38fd89d2a2e3036bf\"},\"headline\":\"Bienvenue \u00e0 Baptiste, Carolina et Hajar !\",\"datePublished\":\"2024-01-10T09:57:19+00:00\",\"dateModified\":\"2024-02-12T14:09:22+00:00\",\"mainEntityOfPage\":{\"@id\":\"https:\\\/\\\/www.matriciel.be\\\/baptiste-carolina-hajar\\\/\"},\"wordCount\":68,\"image\":{\"@id\":\"https:\\\/\\\/www.matriciel.be\\\/baptiste-carolina-hajar\\\/#primaryimage\"},\"thumbnailUrl\":\"https:\\\/\\\/www.matriciel.be\\\/wp-content\\\/uploads\\\/2024\\\/01\\\/Baptiste-Hajar-et-Carolina-pour-site-bis-2-rotated.jpg\",\"articleSection\":[\"L'\u00e9quipe\"],\"inLanguage\":\"nl-NL\"},{\"@type\":\"WebPage\",\"@id\":\"https:\\\/\\\/www.matriciel.be\\\/baptiste-carolina-hajar\\\/\",\"url\":\"https:\\\/\\\/www.matriciel.be\\\/baptiste-carolina-hajar\\\/\",\"name\":\"Bienvenue \u00e0 Baptiste, Carolina et Hajar ! - MATRIciel\",\"isPartOf\":{\"@id\":\"https:\\\/\\\/www.matriciel.be\\\/#website\"},\"primaryImageOfPage\":{\"@id\":\"https:\\\/\\\/www.matriciel.be\\\/baptiste-carolina-hajar\\\/#primaryimage\"},\"image\":{\"@id\":\"https:\\\/\\\/www.matriciel.be\\\/baptiste-carolina-hajar\\\/#primaryimage\"},\"thumbnailUrl\":\"https:\\\/\\\/www.matriciel.be\\\/wp-content\\\/uploads\\\/2024\\\/01\\\/Baptiste-Hajar-et-Carolina-pour-site-bis-2-rotated.jpg\",\"datePublished\":\"2024-01-10T09:57:19+00:00\",\"dateModified\":\"2024-02-12T14:09:22+00:00\",\"author\":{\"@id\":\"https:\\\/\\\/www.matriciel.be\\\/#\\\/schema\\\/person\\\/44a6df2b7f4b9aa38fd89d2a2e3036bf\"},\"description\":\"MATRIciel accueille de nouveaux collaborateurs, pour renforcer son expertise en \u00e9tude des techniques sp\u00e9ciales et gestion des eaux pluviales\",\"breadcrumb\":{\"@id\":\"https:\\\/\\\/www.matriciel.be\\\/baptiste-carolina-hajar\\\/#breadcrumb\"},\"inLanguage\":\"nl-NL\",\"potentialAction\":[{\"@type\":\"ReadAction\",\"target\":[\"https:\\\/\\\/www.matriciel.be\\\/baptiste-carolina-hajar\\\/\"]}]},{\"@type\":\"ImageObject\",\"inLanguage\":\"nl-NL\",\"@id\":\"https:\\\/\\\/www.matriciel.be\\\/baptiste-carolina-hajar\\\/#primaryimage\",\"url\":\"https:\\\/\\\/www.matriciel.be\\\/wp-content\\\/uploads\\\/2024\\\/01\\\/Baptiste-Hajar-et-Carolina-pour-site-bis-2-rotated.jpg\",\"contentUrl\":\"https:\\\/\\\/www.matriciel.be\\\/wp-content\\\/uploads\\\/2024\\\/01\\\/Baptiste-Hajar-et-Carolina-pour-site-bis-2-rotated.jpg\",\"width\":1200,\"height\":680},{\"@type\":\"BreadcrumbList\",\"@id\":\"https:\\\/\\\/www.matriciel.be\\\/baptiste-carolina-hajar\\\/#breadcrumb\",\"itemListElement\":[{\"@type\":\"ListItem\",\"position\":1,\"name\":\"Accueil\",\"item\":\"https:\\\/\\\/www.matriciel.be\\\/nl\\\/\"},{\"@type\":\"ListItem\",\"position\":2,\"name\":\"Bienvenue \u00e0 Baptiste, Carolina et Hajar !\"}]},{\"@type\":\"WebSite\",\"@id\":\"https:\\\/\\\/www.matriciel.be\\\/#website\",\"url\":\"https:\\\/\\\/www.matriciel.be\\\/\",\"name\":\"MATRIciel\",\"description\":\"Bureau d&#039;\u00e9tude et de conseil en architecture durable\",\"potentialAction\":[{\"@type\":\"SearchAction\",\"target\":{\"@type\":\"EntryPoint\",\"urlTemplate\":\"https:\\\/\\\/www.matriciel.be\\\/?s={search_term_string}\"},\"query-input\":{\"@type\":\"PropertyValueSpecification\",\"valueRequired\":true,\"valueName\":\"search_term_string\"}}],\"inLanguage\":\"nl-NL\"},{\"@type\":\"Person\",\"@id\":\"https:\\\/\\\/www.matriciel.be\\\/#\\\/schema\\\/person\\\/44a6df2b7f4b9aa38fd89d2a2e3036bf\",\"name\":\"catherine\"}]}<\/script>\n<!-- \/ Yoast SEO plugin. -->","yoast_head_json":{"title":"Bienvenue \u00e0 Baptiste, Carolina et Hajar ! - MATRIciel","description":"MATRIciel accueille de nouveaux collaborateurs, pour renforcer son expertise en \u00e9tude des techniques sp\u00e9ciales et gestion des eaux pluviales","robots":{"index":"index","follow":"follow","max-snippet":"max-snippet:-1","max-image-preview":"max-image-preview:large","max-video-preview":"max-video-preview:-1"},"canonical":"https:\/\/www.matriciel.be\/baptiste-carolina-hajar\/","og_locale":"nl_NL","og_type":"article","og_title":"Bienvenue \u00e0 Baptiste, Carolina et Hajar ! - MATRIciel","og_description":"MATRIciel accueille de nouveaux collaborateurs, pour renforcer son expertise en \u00e9tude des techniques sp\u00e9ciales et gestion des eaux pluviales","og_url":"https:\/\/www.matriciel.be\/baptiste-carolina-hajar\/","og_site_name":"MATRIciel","article_published_time":"2024-01-10T09:57:19+00:00","article_modified_time":"2024-02-12T14:09:22+00:00","og_image":[{"width":1200,"height":680,"url":"https:\/\/www.matriciel.be\/wp-content\/uploads\/2024\/01\/Baptiste-Hajar-et-Carolina-pour-site-bis-2-rotated.jpg","type":"image\/jpeg"}],"author":"catherine","twitter_card":"summary_large_image","twitter_misc":{"Geschreven door":"catherine","Geschatte leestijd":"1 minuut"},"schema":{"@context":"https:\/\/schema.org","@graph":[{"@type":"Article","@id":"https:\/\/www.matriciel.be\/baptiste-carolina-hajar\/#article","isPartOf":{"@id":"https:\/\/www.matriciel.be\/baptiste-carolina-hajar\/"},"author":{"name":"catherine","@id":"https:\/\/www.matriciel.be\/#\/schema\/person\/44a6df2b7f4b9aa38fd89d2a2e3036bf"},"headline":"Bienvenue \u00e0 Baptiste, Carolina et Hajar !","datePublished":"2024-01-10T09:57:19+00:00","dateModified":"2024-02-12T14:09:22+00:00","mainEntityOfPage":{"@id":"https:\/\/www.matriciel.be\/baptiste-carolina-hajar\/"},"wordCount":68,"image":{"@id":"https:\/\/www.matriciel.be\/baptiste-carolina-hajar\/#primaryimage"},"thumbnailUrl":"https:\/\/www.matriciel.be\/wp-content\/uploads\/2024\/01\/Baptiste-Hajar-et-Carolina-pour-site-bis-2-rotated.jpg","articleSection":["L'\u00e9quipe"],"inLanguage":"nl-NL"},{"@type":"WebPage","@id":"https:\/\/www.matriciel.be\/baptiste-carolina-hajar\/","url":"https:\/\/www.matriciel.be\/baptiste-carolina-hajar\/","name":"Bienvenue \u00e0 Baptiste, Carolina et Hajar ! - MATRIciel","isPartOf":{"@id":"https:\/\/www.matriciel.be\/#website"},"primaryImageOfPage":{"@id":"https:\/\/www.matriciel.be\/baptiste-carolina-hajar\/#primaryimage"},"image":{"@id":"https:\/\/www.matriciel.be\/baptiste-carolina-hajar\/#primaryimage"},"thumbnailUrl":"https:\/\/www.matriciel.be\/wp-content\/uploads\/2024\/01\/Baptiste-Hajar-et-Carolina-pour-site-bis-2-rotated.jpg","datePublished":"2024-01-10T09:57:19+00:00","dateModified":"2024-02-12T14:09:22+00:00","author":{"@id":"https:\/\/www.matriciel.be\/#\/schema\/person\/44a6df2b7f4b9aa38fd89d2a2e3036bf"},"description":"MATRIciel accueille de nouveaux collaborateurs, pour renforcer son expertise en \u00e9tude des techniques sp\u00e9ciales et gestion des eaux pluviales","breadcrumb":{"@id":"https:\/\/www.matriciel.be\/baptiste-carolina-hajar\/#breadcrumb"},"inLanguage":"nl-NL","potentialAction":[{"@type":"ReadAction","target":["https:\/\/www.matriciel.be\/baptiste-carolina-hajar\/"]}]},{"@type":"ImageObject","inLanguage":"nl-NL","@id":"https:\/\/www.matriciel.be\/baptiste-carolina-hajar\/#primaryimage","url":"https:\/\/www.matriciel.be\/wp-content\/uploads\/2024\/01\/Baptiste-Hajar-et-Carolina-pour-site-bis-2-rotated.jpg","contentUrl":"https:\/\/www.matriciel.be\/wp-content\/uploads\/2024\/01\/Baptiste-Hajar-et-Carolina-pour-site-bis-2-rotated.jpg","width":1200,"height":680},{"@type":"BreadcrumbList","@id":"https:\/\/www.matriciel.be\/baptiste-carolina-hajar\/#breadcrumb","itemListElement":[{"@type":"ListItem","position":1,"name":"Accueil","item":"https:\/\/www.matriciel.be\/nl\/"},{"@type":"ListItem","position":2,"name":"Bienvenue \u00e0 Baptiste, Carolina et Hajar !"}]},{"@type":"WebSite","@id":"https:\/\/www.matriciel.be\/#website","url":"https:\/\/www.matriciel.be\/","name":"MATRIciel","description":"Bureau d&#039;\u00e9tude et de conseil en architecture durable","potentialAction":[{"@type":"SearchAction","target":{"@type":"EntryPoint","urlTemplate":"https:\/\/www.matriciel.be\/?s={search_term_string}"},"query-input":{"@type":"PropertyValueSpecification","valueRequired":true,"valueName":"search_term_string"}}],"inLanguage":"nl-NL"},{"@type":"Person","@id":"https:\/\/www.matriciel.be\/#\/schema\/person\/44a6df2b7f4b9aa38fd89d2a2e3036bf","name":"catherine"}]}},"jetpack_featured_media_url":"https:\/\/www.matriciel.be\/wp-content\/uploads\/2024\/01\/Baptiste-Hajar-et-Carolina-pour-site-bis-2-rotated.jpg","jetpack_shortlink":"https:\/\/wp.me\/p8HVJL-581","jetpack_sharing_enabled":true,"_links":{"self":[{"href":"https:\/\/www.matriciel.be\/nl\/wp-json\/wp\/v2\/posts\/19717","targetHints":{"allow":["GET"]}}],"collection":[{"href":"https:\/\/www.matriciel.be\/nl\/wp-json\/wp\/v2\/posts"}],"about":[{"href":"https:\/\/www.matriciel.be\/nl\/wp-json\/wp\/v2\/types\/post"}],"author":[{"embeddable":true,"href":"https:\/\/www.matriciel.be\/nl\/wp-json\/wp\/v2\/users\/5"}],"replies":[{"embeddable":true,"href":"https:\/\/www.matriciel.be\/nl\/wp-json\/wp\/v2\/comments?post=19717"}],"version-history":[{"count":5,"href":"https:\/\/www.matriciel.be\/nl\/wp-json\/wp\/v2\/posts\/19717\/revisions"}],"predecessor-version":[{"id":19820,"href":"https:\/\/www.matriciel.be\/nl\/wp-json\/wp\/v2\/posts\/19717\/revisions\/19820"}],"wp:featuredmedia":[{"embeddable":true,"href":"https:\/\/www.matriciel.be\/nl\/wp-json\/wp\/v2\/media\/19729"}],"wp:attachment":[{"href":"https:\/\/www.matriciel.be\/nl\/wp-json\/wp\/v2\/media?parent=19717"}],"wp:term":[{"taxonomy":"category","embeddable":true,"href":"https:\/\/www.matriciel.be\/nl\/wp-json\/wp\/v2\/categories?post=19717"},{"taxonomy":"post_tag","embeddable":true,"href":"https:\/\/www.matriciel.be\/nl\/wp-json\/wp\/v2\/tags?post=19717"}],"curies":[{"name":"wp","href":"https:\/\/api.w.org\/{rel}","templated":true}]}}