{"id":2453,"date":"2018-08-06T16:32:28","date_gmt":"2018-08-06T14:32:28","guid":{"rendered":"https:\/\/agencepoush-newmatriciel.pf503.wpserveur.net\/?p=2453"},"modified":"2018-10-15T16:18:46","modified_gmt":"2018-10-15T14:18:46","slug":"ensemble-reflechissons-a-favoriser-la-biodiversite-sur-le-site-de-vos-projets","status":"publish","type":"post","link":"https:\/\/www.matriciel.be\/nl\/ensemble-reflechissons-a-favoriser-la-biodiversite-sur-le-site-de-vos-projets\/","title":{"rendered":"Ensemble, r\u00e9fl\u00e9chissons \u00e0 favoriser la biodiversit\u00e9 sur le site de vos projets &#8230;"},"content":{"rendered":"<p>Nous l&#8217;entendons de plus en plus, les abeilles se meurent &#8230;\u00a0R\u00e9agissons ensemble pour favoriser la biodiversit\u00e9 des abords de vos projets.<\/p>\n<p>Notre p\u00f4le <a href=\"https:\/\/agencepoush-newmatriciel.pf503.wpserveur.net\/nos-metiers\/environnement\/\">Environnement<\/a> r\u00e9alise le diagnostic \u00e9cologique de la parcelle, identifie les zones et les \u00e9l\u00e9ments naturels remarquables qui jouent un\u00a0r\u00f4le \u00e9cologique ou culturel et qui doivent \u00eatre prot\u00e9g\u00e9s et \u00e9labore des recommandations pour prot\u00e9ger et d\u00e9velopper la nature sur le site.<\/p>\n<p>Nous pouvons \u00e9galement concevoir, en \u00e9troite collaboration avec le bureau paysager ou l\u2019architecte, les am\u00e9nagements\u00a0paysagers des abords et des toitures, sp\u00e9cifier les conditions dans lesquelles effectuer ces\u00a0plantations, \u00e9laborer les recommandations de protection de la biodiversit\u00e9\u00a0du site pour les diff\u00e9rentes phases de chantier et assurer le suivi sur site (Risques de pollution sol\/air\/eau) et enfin, r\u00e9diger un plan de gestion des espaces verts et proposer un suivi post r\u00e9alisation.<\/p>\n","protected":false},"excerpt":{"rendered":"<p>Nous l&#8217;entendons de plus en plus, les abeilles se meurent &#8230;\u00a0R\u00e9agissons ensemble pour favoriser la biodiversit\u00e9 des abords de vos projets. Notre p\u00f4le Environnement r\u00e9alise le diagnostic \u00e9cologique de la parcelle, identifie les zones et les \u00e9l\u00e9ments naturels remarquables qui jouent un\u00a0r\u00f4le \u00e9cologique ou culturel et qui doivent \u00eatre prot\u00e9g\u00e9s et \u00e9labore des recommandations pour&hellip;<\/p>\n","protected":false},"author":5,"featured_media":2454,"comment_status":"closed","ping_status":"closed","sticky":false,"template":"","format":"standard","meta":{"_jetpack_memberships_contains_paid_content":false,"footnotes":""},"categories":[132],"tags":[84,104],"class_list":["post-2453","post","type-post","status-publish","format-standard","has-post-thumbnail","hentry","category-metier","tag-biodiversite","tag-environnement","category-132","description-off"],"yoast_head":"<!-- This site is optimized with the Yoast SEO plugin v27.5 - https:\/\/yoast.com\/product\/yoast-seo-wordpress\/ -->\n<title>Ensemble, pr\u00e9servons la biodiversit\u00e9 !<\/title>\n<meta name=\"description\" content=\"Maggy, notre bio-ing\u00e9nieur peut vous aider \u00e0 augmenter la biodiversit\u00e9 sur votre site\" \/>\n<meta name=\"robots\" content=\"index, follow, max-snippet:-1, max-image-preview:large, max-video-preview:-1\" \/>\n<link rel=\"canonical\" href=\"https:\/\/www.matriciel.be\/ensemble-reflechissons-a-favoriser-la-biodiversite-sur-le-site-de-vos-projets\/\" \/>\n<meta property=\"og:locale\" content=\"nl_NL\" \/>\n<meta property=\"og:type\" content=\"article\" \/>\n<meta property=\"og:title\" content=\"Ensemble, pr\u00e9servons la biodiversit\u00e9 !\" \/>\n<meta property=\"og:description\" content=\"Maggy, notre bio-ing\u00e9nieur peut vous aider \u00e0 augmenter la biodiversit\u00e9 sur votre site\" \/>\n<meta property=\"og:url\" content=\"https:\/\/www.matriciel.be\/ensemble-reflechissons-a-favoriser-la-biodiversite-sur-le-site-de-vos-projets\/\" \/>\n<meta property=\"og:site_name\" content=\"MATRIciel\" \/>\n<meta property=\"article:published_time\" content=\"2018-08-06T14:32:28+00:00\" \/>\n<meta property=\"article:modified_time\" content=\"2018-10-15T14:18:46+00:00\" \/>\n<meta property=\"og:image\" content=\"https:\/\/www.matriciel.be\/wp-content\/uploads\/2018\/07\/hover-fly-61682__340.jpg\" \/>\n\t<meta property=\"og:image:width\" content=\"507\" \/>\n\t<meta property=\"og:image:height\" content=\"340\" \/>\n\t<meta property=\"og:image:type\" content=\"image\/jpeg\" \/>\n<meta name=\"author\" content=\"catherine\" \/>\n<meta name=\"twitter:card\" content=\"summary_large_image\" \/>\n<meta name=\"twitter:label1\" content=\"Geschreven door\" \/>\n\t<meta name=\"twitter:data1\" content=\"catherine\" \/>\n\t<meta name=\"twitter:label2\" content=\"Geschatte leestijd\" \/>\n\t<meta name=\"twitter:data2\" content=\"1 minuut\" \/>\n<script type=\"application\/ld+json\" class=\"yoast-schema-graph\">{\"@context\":\"https:\\\/\\\/schema.org\",\"@graph\":[{\"@type\":\"Article\",\"@id\":\"https:\\\/\\\/www.matriciel.be\\\/ensemble-reflechissons-a-favoriser-la-biodiversite-sur-le-site-de-vos-projets\\\/#article\",\"isPartOf\":{\"@id\":\"https:\\\/\\\/www.matriciel.be\\\/ensemble-reflechissons-a-favoriser-la-biodiversite-sur-le-site-de-vos-projets\\\/\"},\"author\":{\"name\":\"catherine\",\"@id\":\"https:\\\/\\\/www.matriciel.be\\\/#\\\/schema\\\/person\\\/44a6df2b7f4b9aa38fd89d2a2e3036bf\"},\"headline\":\"Ensemble, r\u00e9fl\u00e9chissons \u00e0 favoriser la biodiversit\u00e9 sur le site de vos projets &#8230;\",\"datePublished\":\"2018-08-06T14:32:28+00:00\",\"dateModified\":\"2018-10-15T14:18:46+00:00\",\"mainEntityOfPage\":{\"@id\":\"https:\\\/\\\/www.matriciel.be\\\/ensemble-reflechissons-a-favoriser-la-biodiversite-sur-le-site-de-vos-projets\\\/\"},\"wordCount\":166,\"image\":{\"@id\":\"https:\\\/\\\/www.matriciel.be\\\/ensemble-reflechissons-a-favoriser-la-biodiversite-sur-le-site-de-vos-projets\\\/#primaryimage\"},\"thumbnailUrl\":\"https:\\\/\\\/www.matriciel.be\\\/wp-content\\\/uploads\\\/2018\\\/07\\\/hover-fly-61682__340.jpg\",\"keywords\":[\"Biodiversit\u00e9\",\"Environnement\"],\"articleSection\":[\"M\u00e9tier\"],\"inLanguage\":\"nl-NL\"},{\"@type\":\"WebPage\",\"@id\":\"https:\\\/\\\/www.matriciel.be\\\/ensemble-reflechissons-a-favoriser-la-biodiversite-sur-le-site-de-vos-projets\\\/\",\"url\":\"https:\\\/\\\/www.matriciel.be\\\/ensemble-reflechissons-a-favoriser-la-biodiversite-sur-le-site-de-vos-projets\\\/\",\"name\":\"Ensemble, pr\u00e9servons la biodiversit\u00e9 !\",\"isPartOf\":{\"@id\":\"https:\\\/\\\/www.matriciel.be\\\/#website\"},\"primaryImageOfPage\":{\"@id\":\"https:\\\/\\\/www.matriciel.be\\\/ensemble-reflechissons-a-favoriser-la-biodiversite-sur-le-site-de-vos-projets\\\/#primaryimage\"},\"image\":{\"@id\":\"https:\\\/\\\/www.matriciel.be\\\/ensemble-reflechissons-a-favoriser-la-biodiversite-sur-le-site-de-vos-projets\\\/#primaryimage\"},\"thumbnailUrl\":\"https:\\\/\\\/www.matriciel.be\\\/wp-content\\\/uploads\\\/2018\\\/07\\\/hover-fly-61682__340.jpg\",\"datePublished\":\"2018-08-06T14:32:28+00:00\",\"dateModified\":\"2018-10-15T14:18:46+00:00\",\"author\":{\"@id\":\"https:\\\/\\\/www.matriciel.be\\\/#\\\/schema\\\/person\\\/44a6df2b7f4b9aa38fd89d2a2e3036bf\"},\"description\":\"Maggy, notre bio-ing\u00e9nieur peut vous aider \u00e0 augmenter la biodiversit\u00e9 sur votre site\",\"breadcrumb\":{\"@id\":\"https:\\\/\\\/www.matriciel.be\\\/ensemble-reflechissons-a-favoriser-la-biodiversite-sur-le-site-de-vos-projets\\\/#breadcrumb\"},\"inLanguage\":\"nl-NL\",\"potentialAction\":[{\"@type\":\"ReadAction\",\"target\":[\"https:\\\/\\\/www.matriciel.be\\\/ensemble-reflechissons-a-favoriser-la-biodiversite-sur-le-site-de-vos-projets\\\/\"]}]},{\"@type\":\"ImageObject\",\"inLanguage\":\"nl-NL\",\"@id\":\"https:\\\/\\\/www.matriciel.be\\\/ensemble-reflechissons-a-favoriser-la-biodiversite-sur-le-site-de-vos-projets\\\/#primaryimage\",\"url\":\"https:\\\/\\\/www.matriciel.be\\\/wp-content\\\/uploads\\\/2018\\\/07\\\/hover-fly-61682__340.jpg\",\"contentUrl\":\"https:\\\/\\\/www.matriciel.be\\\/wp-content\\\/uploads\\\/2018\\\/07\\\/hover-fly-61682__340.jpg\",\"width\":507,\"height\":340,\"caption\":\"Favorisons la biodiversit\u00e9 des abords\"},{\"@type\":\"BreadcrumbList\",\"@id\":\"https:\\\/\\\/www.matriciel.be\\\/ensemble-reflechissons-a-favoriser-la-biodiversite-sur-le-site-de-vos-projets\\\/#breadcrumb\",\"itemListElement\":[{\"@type\":\"ListItem\",\"position\":1,\"name\":\"Accueil\",\"item\":\"https:\\\/\\\/www.matriciel.be\\\/nl\\\/\"},{\"@type\":\"ListItem\",\"position\":2,\"name\":\"Ensemble, r\u00e9fl\u00e9chissons \u00e0 favoriser la biodiversit\u00e9 sur le site de vos projets &#8230;\"}]},{\"@type\":\"WebSite\",\"@id\":\"https:\\\/\\\/www.matriciel.be\\\/#website\",\"url\":\"https:\\\/\\\/www.matriciel.be\\\/\",\"name\":\"MATRIciel\",\"description\":\"Bureau d&#039;\u00e9tude et de conseil en architecture durable\",\"potentialAction\":[{\"@type\":\"SearchAction\",\"target\":{\"@type\":\"EntryPoint\",\"urlTemplate\":\"https:\\\/\\\/www.matriciel.be\\\/?s={search_term_string}\"},\"query-input\":{\"@type\":\"PropertyValueSpecification\",\"valueRequired\":true,\"valueName\":\"search_term_string\"}}],\"inLanguage\":\"nl-NL\"},{\"@type\":\"Person\",\"@id\":\"https:\\\/\\\/www.matriciel.be\\\/#\\\/schema\\\/person\\\/44a6df2b7f4b9aa38fd89d2a2e3036bf\",\"name\":\"catherine\"}]}<\/script>\n<!-- \/ Yoast SEO plugin. -->","yoast_head_json":{"title":"Ensemble, pr\u00e9servons la biodiversit\u00e9 !","description":"Maggy, notre bio-ing\u00e9nieur peut vous aider \u00e0 augmenter la biodiversit\u00e9 sur votre site","robots":{"index":"index","follow":"follow","max-snippet":"max-snippet:-1","max-image-preview":"max-image-preview:large","max-video-preview":"max-video-preview:-1"},"canonical":"https:\/\/www.matriciel.be\/ensemble-reflechissons-a-favoriser-la-biodiversite-sur-le-site-de-vos-projets\/","og_locale":"nl_NL","og_type":"article","og_title":"Ensemble, pr\u00e9servons la biodiversit\u00e9 !","og_description":"Maggy, notre bio-ing\u00e9nieur peut vous aider \u00e0 augmenter la biodiversit\u00e9 sur votre site","og_url":"https:\/\/www.matriciel.be\/ensemble-reflechissons-a-favoriser-la-biodiversite-sur-le-site-de-vos-projets\/","og_site_name":"MATRIciel","article_published_time":"2018-08-06T14:32:28+00:00","article_modified_time":"2018-10-15T14:18:46+00:00","og_image":[{"width":507,"height":340,"url":"https:\/\/www.matriciel.be\/wp-content\/uploads\/2018\/07\/hover-fly-61682__340.jpg","type":"image\/jpeg"}],"author":"catherine","twitter_card":"summary_large_image","twitter_misc":{"Geschreven door":"catherine","Geschatte leestijd":"1 minuut"},"schema":{"@context":"https:\/\/schema.org","@graph":[{"@type":"Article","@id":"https:\/\/www.matriciel.be\/ensemble-reflechissons-a-favoriser-la-biodiversite-sur-le-site-de-vos-projets\/#article","isPartOf":{"@id":"https:\/\/www.matriciel.be\/ensemble-reflechissons-a-favoriser-la-biodiversite-sur-le-site-de-vos-projets\/"},"author":{"name":"catherine","@id":"https:\/\/www.matriciel.be\/#\/schema\/person\/44a6df2b7f4b9aa38fd89d2a2e3036bf"},"headline":"Ensemble, r\u00e9fl\u00e9chissons \u00e0 favoriser la biodiversit\u00e9 sur le site de vos projets &#8230;","datePublished":"2018-08-06T14:32:28+00:00","dateModified":"2018-10-15T14:18:46+00:00","mainEntityOfPage":{"@id":"https:\/\/www.matriciel.be\/ensemble-reflechissons-a-favoriser-la-biodiversite-sur-le-site-de-vos-projets\/"},"wordCount":166,"image":{"@id":"https:\/\/www.matriciel.be\/ensemble-reflechissons-a-favoriser-la-biodiversite-sur-le-site-de-vos-projets\/#primaryimage"},"thumbnailUrl":"https:\/\/www.matriciel.be\/wp-content\/uploads\/2018\/07\/hover-fly-61682__340.jpg","keywords":["Biodiversit\u00e9","Environnement"],"articleSection":["M\u00e9tier"],"inLanguage":"nl-NL"},{"@type":"WebPage","@id":"https:\/\/www.matriciel.be\/ensemble-reflechissons-a-favoriser-la-biodiversite-sur-le-site-de-vos-projets\/","url":"https:\/\/www.matriciel.be\/ensemble-reflechissons-a-favoriser-la-biodiversite-sur-le-site-de-vos-projets\/","name":"Ensemble, pr\u00e9servons la biodiversit\u00e9 !","isPartOf":{"@id":"https:\/\/www.matriciel.be\/#website"},"primaryImageOfPage":{"@id":"https:\/\/www.matriciel.be\/ensemble-reflechissons-a-favoriser-la-biodiversite-sur-le-site-de-vos-projets\/#primaryimage"},"image":{"@id":"https:\/\/www.matriciel.be\/ensemble-reflechissons-a-favoriser-la-biodiversite-sur-le-site-de-vos-projets\/#primaryimage"},"thumbnailUrl":"https:\/\/www.matriciel.be\/wp-content\/uploads\/2018\/07\/hover-fly-61682__340.jpg","datePublished":"2018-08-06T14:32:28+00:00","dateModified":"2018-10-15T14:18:46+00:00","author":{"@id":"https:\/\/www.matriciel.be\/#\/schema\/person\/44a6df2b7f4b9aa38fd89d2a2e3036bf"},"description":"Maggy, notre bio-ing\u00e9nieur peut vous aider \u00e0 augmenter la biodiversit\u00e9 sur votre site","breadcrumb":{"@id":"https:\/\/www.matriciel.be\/ensemble-reflechissons-a-favoriser-la-biodiversite-sur-le-site-de-vos-projets\/#breadcrumb"},"inLanguage":"nl-NL","potentialAction":[{"@type":"ReadAction","target":["https:\/\/www.matriciel.be\/ensemble-reflechissons-a-favoriser-la-biodiversite-sur-le-site-de-vos-projets\/"]}]},{"@type":"ImageObject","inLanguage":"nl-NL","@id":"https:\/\/www.matriciel.be\/ensemble-reflechissons-a-favoriser-la-biodiversite-sur-le-site-de-vos-projets\/#primaryimage","url":"https:\/\/www.matriciel.be\/wp-content\/uploads\/2018\/07\/hover-fly-61682__340.jpg","contentUrl":"https:\/\/www.matriciel.be\/wp-content\/uploads\/2018\/07\/hover-fly-61682__340.jpg","width":507,"height":340,"caption":"Favorisons la biodiversit\u00e9 des abords"},{"@type":"BreadcrumbList","@id":"https:\/\/www.matriciel.be\/ensemble-reflechissons-a-favoriser-la-biodiversite-sur-le-site-de-vos-projets\/#breadcrumb","itemListElement":[{"@type":"ListItem","position":1,"name":"Accueil","item":"https:\/\/www.matriciel.be\/nl\/"},{"@type":"ListItem","position":2,"name":"Ensemble, r\u00e9fl\u00e9chissons \u00e0 favoriser la biodiversit\u00e9 sur le site de vos projets &#8230;"}]},{"@type":"WebSite","@id":"https:\/\/www.matriciel.be\/#website","url":"https:\/\/www.matriciel.be\/","name":"MATRIciel","description":"Bureau d&#039;\u00e9tude et de conseil en architecture durable","potentialAction":[{"@type":"SearchAction","target":{"@type":"EntryPoint","urlTemplate":"https:\/\/www.matriciel.be\/?s={search_term_string}"},"query-input":{"@type":"PropertyValueSpecification","valueRequired":true,"valueName":"search_term_string"}}],"inLanguage":"nl-NL"},{"@type":"Person","@id":"https:\/\/www.matriciel.be\/#\/schema\/person\/44a6df2b7f4b9aa38fd89d2a2e3036bf","name":"catherine"}]}},"jetpack_featured_media_url":"https:\/\/www.matriciel.be\/wp-content\/uploads\/2018\/07\/hover-fly-61682__340.jpg","jetpack_shortlink":"https:\/\/wp.me\/p8HVJL-Dz","jetpack_sharing_enabled":true,"_links":{"self":[{"href":"https:\/\/www.matriciel.be\/nl\/wp-json\/wp\/v2\/posts\/2453","targetHints":{"allow":["GET"]}}],"collection":[{"href":"https:\/\/www.matriciel.be\/nl\/wp-json\/wp\/v2\/posts"}],"about":[{"href":"https:\/\/www.matriciel.be\/nl\/wp-json\/wp\/v2\/types\/post"}],"author":[{"embeddable":true,"href":"https:\/\/www.matriciel.be\/nl\/wp-json\/wp\/v2\/users\/5"}],"replies":[{"embeddable":true,"href":"https:\/\/www.matriciel.be\/nl\/wp-json\/wp\/v2\/comments?post=2453"}],"version-history":[{"count":0,"href":"https:\/\/www.matriciel.be\/nl\/wp-json\/wp\/v2\/posts\/2453\/revisions"}],"wp:featuredmedia":[{"embeddable":true,"href":"https:\/\/www.matriciel.be\/nl\/wp-json\/wp\/v2\/media\/2454"}],"wp:attachment":[{"href":"https:\/\/www.matriciel.be\/nl\/wp-json\/wp\/v2\/media?parent=2453"}],"wp:term":[{"taxonomy":"category","embeddable":true,"href":"https:\/\/www.matriciel.be\/nl\/wp-json\/wp\/v2\/categories?post=2453"},{"taxonomy":"post_tag","embeddable":true,"href":"https:\/\/www.matriciel.be\/nl\/wp-json\/wp\/v2\/tags?post=2453"}],"curies":[{"name":"wp","href":"https:\/\/api.w.org\/{rel}","templated":true}]}}