{"id":2456,"date":"2018-07-13T16:54:27","date_gmt":"2018-07-13T14:54:27","guid":{"rendered":"https:\/\/agencepoush-newmatriciel.pf503.wpserveur.net\/?p=2456"},"modified":"2018-10-02T12:35:22","modified_gmt":"2018-10-02T10:35:22","slug":"news-ete","status":"publish","type":"post","link":"https:\/\/www.matriciel.be\/nl\/news-ete\/","title":{"rendered":"C&#8217;est l&#8217;\u00e9t\u00e9 &#8230;"},"content":{"rendered":"<p>&#8230; il fait beau, il fait chaud &#8230; en vacances, c&#8217;est agr\u00e9able, mais au bureau ?<\/p>\n<p>MATRI<em>ciel<\/em>\u00a0 vous aide \u00e0 concevoir des b\u00e2timents confortables \u00e9t\u00e9 comme hiver tout en \u00e9tant \u00e9conomes en \u00e9nergie, en r\u00e9alisant diverses \u00e9tudes :<\/p>\n<ul>\n<li style=\"list-style-type: none;\">\n<ul>\n<li>\u00c9tude de l\u2019orientation des b\u00e2timents et\u00a0des locaux, ainsi que de leur positionnement\u00a0par rapport au voisinage pour\u00a0favoriser l\u2019ensoleillement ou s\u2019en prot\u00e9ger<\/li>\n<li>\u00c9valuation des temp\u00e9ratures ambiante\u00a0et op\u00e9rative (fonction aussi de la temp\u00e9rature\u00a0de surface des parois) dans les\u00a0locaux par simulation thermique dynamique<\/li>\n<li>\u00c9tablissement des risques de surchauffe,\u00a0pour des conditions climatiques\u00a0moyennes et caniculaires<\/li>\n<li>\u00c9tude des alternatives constructives et\u00a0techniques pour \u00e9viter la surchauffe, en\u00a0favorisant les solutions passives : protections\u00a0solaires fixes ou mobiles, inertie, taille et position des fen\u00eatres ouvrantes,\u00a0g\u00e9othermie, &#8230;<\/li>\n<li>\u00c9tablissement des indices de confort int\u00e9rieur normatifs conform\u00e9ment aux labels\u00a0environnementaux comme BREEAM<\/li>\n<li>Choix et dimensionnement des protections solaires et des installations techniques\u00a0(syst\u00e8mes de ventilation, de chauffage et de refroidissement) compte tenu notamment\u00a0de l\u2019inertie thermique, des phases de relance, \u2026<\/li>\n<li>\u00c9tablissement du principe de gestion associ\u00e9 aux installations choisies (contr\u00f4le des\u00a0protections solaires, de la ventilation intensive, du top cooling, \u2026.)<\/li>\n<li>Participation \u00e0 la mise en route (commissioning) et au suivi des performances<\/li>\n<\/ul>\n<\/li>\n<\/ul>\n","protected":false},"excerpt":{"rendered":"<p>&#8230; il fait beau, il fait chaud &#8230; en vacances, c&#8217;est agr\u00e9able, mais au bureau ? MATRIciel\u00a0 vous aide \u00e0 concevoir des b\u00e2timents confortables \u00e9t\u00e9 comme hiver tout en \u00e9tant \u00e9conomes en \u00e9nergie, en r\u00e9alisant diverses \u00e9tudes : \u00c9tude de l\u2019orientation des b\u00e2timents et\u00a0des locaux, ainsi que de leur positionnement\u00a0par rapport au voisinage pour\u00a0favoriser l\u2019ensoleillement&hellip;<\/p>\n","protected":false},"author":5,"featured_media":2457,"comment_status":"closed","ping_status":"closed","sticky":false,"template":"","format":"standard","meta":{"_jetpack_memberships_contains_paid_content":false,"footnotes":""},"categories":[132],"tags":[97,112,105],"class_list":["post-2456","post","type-post","status-publish","format-standard","has-post-thumbnail","hentry","category-metier","tag-confort-urbain","tag-energie-et-confort","tag-ventilation-naturelle","category-132","description-off"],"yoast_head":"<!-- This site is optimized with the Yoast SEO plugin v27.5 - https:\/\/yoast.com\/product\/yoast-seo-wordpress\/ -->\n<title>Le confort des b\u00e2timent et MATRIciel<\/title>\n<meta name=\"description\" content=\"MATRIciel vous conseille pour construire ou r\u00e9nover un b\u00e2timent de mani\u00e8re \u00e0 ce qu&#039;il soit confortable en toute saison\" \/>\n<meta name=\"robots\" content=\"index, follow, max-snippet:-1, max-image-preview:large, max-video-preview:-1\" \/>\n<link rel=\"canonical\" href=\"https:\/\/www.matriciel.be\/nl\/news-ete\/\" \/>\n<meta property=\"og:locale\" content=\"nl_NL\" \/>\n<meta property=\"og:type\" content=\"article\" \/>\n<meta property=\"og:title\" content=\"Le confort des b\u00e2timent et MATRIciel\" \/>\n<meta property=\"og:description\" content=\"MATRIciel vous conseille pour construire ou r\u00e9nover un b\u00e2timent de mani\u00e8re \u00e0 ce qu&#039;il soit confortable en toute saison\" \/>\n<meta property=\"og:url\" content=\"https:\/\/www.matriciel.be\/nl\/news-ete\/\" \/>\n<meta property=\"og:site_name\" content=\"MATRIciel\" \/>\n<meta property=\"article:published_time\" content=\"2018-07-13T14:54:27+00:00\" \/>\n<meta property=\"article:modified_time\" content=\"2018-10-02T10:35:22+00:00\" \/>\n<meta property=\"og:image\" content=\"https:\/\/www.matriciel.be\/wp-content\/uploads\/2018\/07\/iStock-496703757-terrasses.jpg\" \/>\n\t<meta property=\"og:image:width\" content=\"2121\" \/>\n\t<meta property=\"og:image:height\" content=\"1414\" \/>\n\t<meta property=\"og:image:type\" content=\"image\/jpeg\" \/>\n<meta name=\"author\" content=\"catherine\" \/>\n<meta name=\"twitter:card\" content=\"summary_large_image\" \/>\n<meta name=\"twitter:label1\" content=\"Geschreven door\" \/>\n\t<meta name=\"twitter:data1\" content=\"catherine\" \/>\n\t<meta name=\"twitter:label2\" content=\"Geschatte leestijd\" \/>\n\t<meta name=\"twitter:data2\" content=\"1 minuut\" \/>\n<script type=\"application\/ld+json\" class=\"yoast-schema-graph\">{\"@context\":\"https:\\\/\\\/schema.org\",\"@graph\":[{\"@type\":\"Article\",\"@id\":\"https:\\\/\\\/www.matriciel.be\\\/nl\\\/news-ete\\\/#article\",\"isPartOf\":{\"@id\":\"https:\\\/\\\/www.matriciel.be\\\/nl\\\/news-ete\\\/\"},\"author\":{\"name\":\"catherine\",\"@id\":\"https:\\\/\\\/www.matriciel.be\\\/#\\\/schema\\\/person\\\/44a6df2b7f4b9aa38fd89d2a2e3036bf\"},\"headline\":\"C&#8217;est l&#8217;\u00e9t\u00e9 &#8230;\",\"datePublished\":\"2018-07-13T14:54:27+00:00\",\"dateModified\":\"2018-10-02T10:35:22+00:00\",\"mainEntityOfPage\":{\"@id\":\"https:\\\/\\\/www.matriciel.be\\\/nl\\\/news-ete\\\/\"},\"wordCount\":213,\"image\":{\"@id\":\"https:\\\/\\\/www.matriciel.be\\\/nl\\\/news-ete\\\/#primaryimage\"},\"thumbnailUrl\":\"https:\\\/\\\/www.matriciel.be\\\/wp-content\\\/uploads\\\/2018\\\/07\\\/iStock-496703757-terrasses.jpg\",\"keywords\":[\"Confort urbain\",\"Energie et confort\",\"Ventilation naturelle\"],\"articleSection\":[\"M\u00e9tier\"],\"inLanguage\":\"nl-NL\"},{\"@type\":\"WebPage\",\"@id\":\"https:\\\/\\\/www.matriciel.be\\\/nl\\\/news-ete\\\/\",\"url\":\"https:\\\/\\\/www.matriciel.be\\\/nl\\\/news-ete\\\/\",\"name\":\"Le confort des b\u00e2timent et MATRIciel\",\"isPartOf\":{\"@id\":\"https:\\\/\\\/www.matriciel.be\\\/#website\"},\"primaryImageOfPage\":{\"@id\":\"https:\\\/\\\/www.matriciel.be\\\/nl\\\/news-ete\\\/#primaryimage\"},\"image\":{\"@id\":\"https:\\\/\\\/www.matriciel.be\\\/nl\\\/news-ete\\\/#primaryimage\"},\"thumbnailUrl\":\"https:\\\/\\\/www.matriciel.be\\\/wp-content\\\/uploads\\\/2018\\\/07\\\/iStock-496703757-terrasses.jpg\",\"datePublished\":\"2018-07-13T14:54:27+00:00\",\"dateModified\":\"2018-10-02T10:35:22+00:00\",\"author\":{\"@id\":\"https:\\\/\\\/www.matriciel.be\\\/#\\\/schema\\\/person\\\/44a6df2b7f4b9aa38fd89d2a2e3036bf\"},\"description\":\"MATRIciel vous conseille pour construire ou r\u00e9nover un b\u00e2timent de mani\u00e8re \u00e0 ce qu'il soit confortable en toute saison\",\"breadcrumb\":{\"@id\":\"https:\\\/\\\/www.matriciel.be\\\/nl\\\/news-ete\\\/#breadcrumb\"},\"inLanguage\":\"nl-NL\",\"potentialAction\":[{\"@type\":\"ReadAction\",\"target\":[\"https:\\\/\\\/www.matriciel.be\\\/nl\\\/news-ete\\\/\"]}]},{\"@type\":\"ImageObject\",\"inLanguage\":\"nl-NL\",\"@id\":\"https:\\\/\\\/www.matriciel.be\\\/nl\\\/news-ete\\\/#primaryimage\",\"url\":\"https:\\\/\\\/www.matriciel.be\\\/wp-content\\\/uploads\\\/2018\\\/07\\\/iStock-496703757-terrasses.jpg\",\"contentUrl\":\"https:\\\/\\\/www.matriciel.be\\\/wp-content\\\/uploads\\\/2018\\\/07\\\/iStock-496703757-terrasses.jpg\",\"width\":2121,\"height\":1414,\"caption\":\"Du confort thermique en \u00e9t\u00e9 dans les b\u00e2timents\"},{\"@type\":\"BreadcrumbList\",\"@id\":\"https:\\\/\\\/www.matriciel.be\\\/nl\\\/news-ete\\\/#breadcrumb\",\"itemListElement\":[{\"@type\":\"ListItem\",\"position\":1,\"name\":\"Accueil\",\"item\":\"https:\\\/\\\/www.matriciel.be\\\/nl\\\/\"},{\"@type\":\"ListItem\",\"position\":2,\"name\":\"C&#8217;est l&#8217;\u00e9t\u00e9 &#8230;\"}]},{\"@type\":\"WebSite\",\"@id\":\"https:\\\/\\\/www.matriciel.be\\\/#website\",\"url\":\"https:\\\/\\\/www.matriciel.be\\\/\",\"name\":\"MATRIciel\",\"description\":\"Bureau d&#039;\u00e9tude et de conseil en architecture durable\",\"potentialAction\":[{\"@type\":\"SearchAction\",\"target\":{\"@type\":\"EntryPoint\",\"urlTemplate\":\"https:\\\/\\\/www.matriciel.be\\\/?s={search_term_string}\"},\"query-input\":{\"@type\":\"PropertyValueSpecification\",\"valueRequired\":true,\"valueName\":\"search_term_string\"}}],\"inLanguage\":\"nl-NL\"},{\"@type\":\"Person\",\"@id\":\"https:\\\/\\\/www.matriciel.be\\\/#\\\/schema\\\/person\\\/44a6df2b7f4b9aa38fd89d2a2e3036bf\",\"name\":\"catherine\"}]}<\/script>\n<!-- \/ Yoast SEO plugin. -->","yoast_head_json":{"title":"Le confort des b\u00e2timent et MATRIciel","description":"MATRIciel vous conseille pour construire ou r\u00e9nover un b\u00e2timent de mani\u00e8re \u00e0 ce qu'il soit confortable en toute saison","robots":{"index":"index","follow":"follow","max-snippet":"max-snippet:-1","max-image-preview":"max-image-preview:large","max-video-preview":"max-video-preview:-1"},"canonical":"https:\/\/www.matriciel.be\/nl\/news-ete\/","og_locale":"nl_NL","og_type":"article","og_title":"Le confort des b\u00e2timent et MATRIciel","og_description":"MATRIciel vous conseille pour construire ou r\u00e9nover un b\u00e2timent de mani\u00e8re \u00e0 ce qu'il soit confortable en toute saison","og_url":"https:\/\/www.matriciel.be\/nl\/news-ete\/","og_site_name":"MATRIciel","article_published_time":"2018-07-13T14:54:27+00:00","article_modified_time":"2018-10-02T10:35:22+00:00","og_image":[{"width":2121,"height":1414,"url":"https:\/\/www.matriciel.be\/wp-content\/uploads\/2018\/07\/iStock-496703757-terrasses.jpg","type":"image\/jpeg"}],"author":"catherine","twitter_card":"summary_large_image","twitter_misc":{"Geschreven door":"catherine","Geschatte leestijd":"1 minuut"},"schema":{"@context":"https:\/\/schema.org","@graph":[{"@type":"Article","@id":"https:\/\/www.matriciel.be\/nl\/news-ete\/#article","isPartOf":{"@id":"https:\/\/www.matriciel.be\/nl\/news-ete\/"},"author":{"name":"catherine","@id":"https:\/\/www.matriciel.be\/#\/schema\/person\/44a6df2b7f4b9aa38fd89d2a2e3036bf"},"headline":"C&#8217;est l&#8217;\u00e9t\u00e9 &#8230;","datePublished":"2018-07-13T14:54:27+00:00","dateModified":"2018-10-02T10:35:22+00:00","mainEntityOfPage":{"@id":"https:\/\/www.matriciel.be\/nl\/news-ete\/"},"wordCount":213,"image":{"@id":"https:\/\/www.matriciel.be\/nl\/news-ete\/#primaryimage"},"thumbnailUrl":"https:\/\/www.matriciel.be\/wp-content\/uploads\/2018\/07\/iStock-496703757-terrasses.jpg","keywords":["Confort urbain","Energie et confort","Ventilation naturelle"],"articleSection":["M\u00e9tier"],"inLanguage":"nl-NL"},{"@type":"WebPage","@id":"https:\/\/www.matriciel.be\/nl\/news-ete\/","url":"https:\/\/www.matriciel.be\/nl\/news-ete\/","name":"Le confort des b\u00e2timent et MATRIciel","isPartOf":{"@id":"https:\/\/www.matriciel.be\/#website"},"primaryImageOfPage":{"@id":"https:\/\/www.matriciel.be\/nl\/news-ete\/#primaryimage"},"image":{"@id":"https:\/\/www.matriciel.be\/nl\/news-ete\/#primaryimage"},"thumbnailUrl":"https:\/\/www.matriciel.be\/wp-content\/uploads\/2018\/07\/iStock-496703757-terrasses.jpg","datePublished":"2018-07-13T14:54:27+00:00","dateModified":"2018-10-02T10:35:22+00:00","author":{"@id":"https:\/\/www.matriciel.be\/#\/schema\/person\/44a6df2b7f4b9aa38fd89d2a2e3036bf"},"description":"MATRIciel vous conseille pour construire ou r\u00e9nover un b\u00e2timent de mani\u00e8re \u00e0 ce qu'il soit confortable en toute saison","breadcrumb":{"@id":"https:\/\/www.matriciel.be\/nl\/news-ete\/#breadcrumb"},"inLanguage":"nl-NL","potentialAction":[{"@type":"ReadAction","target":["https:\/\/www.matriciel.be\/nl\/news-ete\/"]}]},{"@type":"ImageObject","inLanguage":"nl-NL","@id":"https:\/\/www.matriciel.be\/nl\/news-ete\/#primaryimage","url":"https:\/\/www.matriciel.be\/wp-content\/uploads\/2018\/07\/iStock-496703757-terrasses.jpg","contentUrl":"https:\/\/www.matriciel.be\/wp-content\/uploads\/2018\/07\/iStock-496703757-terrasses.jpg","width":2121,"height":1414,"caption":"Du confort thermique en \u00e9t\u00e9 dans les b\u00e2timents"},{"@type":"BreadcrumbList","@id":"https:\/\/www.matriciel.be\/nl\/news-ete\/#breadcrumb","itemListElement":[{"@type":"ListItem","position":1,"name":"Accueil","item":"https:\/\/www.matriciel.be\/nl\/"},{"@type":"ListItem","position":2,"name":"C&#8217;est l&#8217;\u00e9t\u00e9 &#8230;"}]},{"@type":"WebSite","@id":"https:\/\/www.matriciel.be\/#website","url":"https:\/\/www.matriciel.be\/","name":"MATRIciel","description":"Bureau d&#039;\u00e9tude et de conseil en architecture durable","potentialAction":[{"@type":"SearchAction","target":{"@type":"EntryPoint","urlTemplate":"https:\/\/www.matriciel.be\/?s={search_term_string}"},"query-input":{"@type":"PropertyValueSpecification","valueRequired":true,"valueName":"search_term_string"}}],"inLanguage":"nl-NL"},{"@type":"Person","@id":"https:\/\/www.matriciel.be\/#\/schema\/person\/44a6df2b7f4b9aa38fd89d2a2e3036bf","name":"catherine"}]}},"jetpack_featured_media_url":"https:\/\/www.matriciel.be\/wp-content\/uploads\/2018\/07\/iStock-496703757-terrasses.jpg","jetpack_shortlink":"https:\/\/wp.me\/p8HVJL-DC","jetpack_sharing_enabled":true,"_links":{"self":[{"href":"https:\/\/www.matriciel.be\/nl\/wp-json\/wp\/v2\/posts\/2456","targetHints":{"allow":["GET"]}}],"collection":[{"href":"https:\/\/www.matriciel.be\/nl\/wp-json\/wp\/v2\/posts"}],"about":[{"href":"https:\/\/www.matriciel.be\/nl\/wp-json\/wp\/v2\/types\/post"}],"author":[{"embeddable":true,"href":"https:\/\/www.matriciel.be\/nl\/wp-json\/wp\/v2\/users\/5"}],"replies":[{"embeddable":true,"href":"https:\/\/www.matriciel.be\/nl\/wp-json\/wp\/v2\/comments?post=2456"}],"version-history":[{"count":0,"href":"https:\/\/www.matriciel.be\/nl\/wp-json\/wp\/v2\/posts\/2456\/revisions"}],"wp:featuredmedia":[{"embeddable":true,"href":"https:\/\/www.matriciel.be\/nl\/wp-json\/wp\/v2\/media\/2457"}],"wp:attachment":[{"href":"https:\/\/www.matriciel.be\/nl\/wp-json\/wp\/v2\/media?parent=2456"}],"wp:term":[{"taxonomy":"category","embeddable":true,"href":"https:\/\/www.matriciel.be\/nl\/wp-json\/wp\/v2\/categories?post=2456"},{"taxonomy":"post_tag","embeddable":true,"href":"https:\/\/www.matriciel.be\/nl\/wp-json\/wp\/v2\/tags?post=2456"}],"curies":[{"name":"wp","href":"https:\/\/api.w.org\/{rel}","templated":true}]}}