{"id":25302,"date":"2026-04-28T11:51:38","date_gmt":"2026-04-28T09:51:38","guid":{"rendered":"https:\/\/www.matriciel.be\/?p=25302"},"modified":"2026-04-28T11:52:18","modified_gmt":"2026-04-28T09:52:18","slug":"envi-met","status":"publish","type":"post","link":"https:\/\/www.matriciel.be\/nl\/envi-met\/","title":{"rendered":"Etude du confort urbain \u00e0 l\u2019aide d\u2019ENVI-MET"},"content":{"rendered":"<h4>MATRIciel by Oteis continue d\u2019\u00e9voluer en \u00e9tudiant le confort urbain \u00e0 l\u2019aide d\u2019ENVI-MET<\/h4>\n<p>En ce d\u00e9but d\u2019ann\u00e9e 2026, MATRIciel by Oteis cl\u00f4ture ses premi\u00e8res \u00e9tudes de confort ext\u00e9rieur urbain et \u00e9largit ses connaissances relatives \u00e0 l\u2019effet d\u2019\u00eelot de chaleur urbain.<\/p>\n<p>Dans le cadre d\u2019un march\u00e9 public octroy\u00e9 par la Ville de Bruxelles, MATRIciel by Oteis a men\u00e9 des \u00e9tudes sur deux projets d\u2019am\u00e9nagement urbain \u00e0 Bruxelles. Les deux sites ont \u00e9t\u00e9 s\u00e9lectionn\u00e9s pour leur sensibilit\u00e9 au ph\u00e9nom\u00e8ne d\u2019ICU. Les analyses se sont ax\u00e9es sur l\u2019\u00e9valuation, par simulations \u00e0 l\u2019aide du logiciel ENVI-MET, de l\u2019ensoleillement et du confort urbain de la situation actuelle ainsi que de leur \u00e9volution en situation de projet.<\/p>\n<p>Le confort urbain a \u00e9t\u00e9 analys\u00e9 \u00e0 l\u2019aide de l\u2019indicateur PET (pour temp\u00e9rature physiologique \u00e9quivalente = \u00ab temp\u00e9rature ressentie \u00bb) car il permet de hi\u00e9rarchiser le niveau de stress thermique du corps humain.<\/p>\n<div id=\"attachment_25307\" style=\"width: 310px\" class=\"wp-caption aligncenter\"><img loading=\"lazy\" decoding=\"async\" aria-describedby=\"caption-attachment-25307\" class=\"size-medium wp-image-25307\" src=\"https:\/\/www.matriciel.be\/wp-content\/uploads\/2026\/04\/Niveau-de-stress-PET-300x252.png\" alt=\"Ilots de chaleur urbaine - Niveau de stress selon l'indicateur PET\" width=\"300\" height=\"252\" srcset=\"https:\/\/www.matriciel.be\/wp-content\/uploads\/2026\/04\/Niveau-de-stress-PET-300x252.png 300w, https:\/\/www.matriciel.be\/wp-content\/uploads\/2026\/04\/Niveau-de-stress-PET.png 421w\" sizes=\"auto, (max-width: 300px) 100vw, 300px\" \/><p id=\"caption-attachment-25307\" class=\"wp-caption-text\">Ilots de chaleur urbaine &#8211; Niveau de stress selon l&#8217;indicateur PET<\/p><\/div>\n<p>Nous tenons \u00e0 remercier le d\u00e9partement du D\u00e9veloppement Urbain de la Ville de Bruxelles pour sa confiance et pour les \u00e9changes constructifs men\u00e9s au long de la mission.<\/p>\n<p><u>Le logiciel ENVI-Met<\/u> :<\/p>\n<p>ENVI-Met est un logiciel de simulation du microclimat en trois dimensions qui permet d\u2019analyser et de comparer les effets de diff\u00e9rents sc\u00e9narios de conception d\u00e9velopp\u00e9s par des architectes ou des urbanistes pour des hypoth\u00e8ses m\u00e9t\u00e9orologiques diverses.<\/p>\n<p>Il a la particularit\u00e9 de consid\u00e9rer l\u2019environnement urbain complexe comme un syst\u00e8me unique et de prendre en compte la multitude de processus qui se d\u00e9roulent entre les \u00e9l\u00e9ments mais \u00e9galement de permettre la repr\u00e9sentation num\u00e9rique d\u2019un quartier, une place, un int\u00e9rieur d\u2019\u00eelot, une rue \u2026 et y d\u00e9finir la v\u00e9g\u00e9tation et les mat\u00e9riaux principaux des rev\u00eatements de sol, des b\u00e2timents, y compris des toitures et des murs v\u00e9g\u00e9talis\u00e9s.<\/p>\n<p>Il calcule et fournit des r\u00e9sultats multiples point par point notamment l\u2019ensoleillement, la temp\u00e9rature de l\u2019air, la vitesse et l\u2019orientation du vent et deux indicateurs de conforts (PET\/UTCI).<\/p>\n","protected":false},"excerpt":{"rendered":"<p>MATRIciel by Oteis continue d\u2019\u00e9voluer en \u00e9tudiant le confort urbain \u00e0 l\u2019aide d\u2019ENVI-MET En ce d\u00e9but d\u2019ann\u00e9e 2026, MATRIciel by Oteis cl\u00f4ture ses premi\u00e8res \u00e9tudes de confort ext\u00e9rieur urbain et \u00e9largit ses connaissances relatives \u00e0 l\u2019effet d\u2019\u00eelot de chaleur urbain. Dans le cadre d\u2019un march\u00e9 public octroy\u00e9 par la Ville de Bruxelles, MATRIciel by Oteis&hellip;<\/p>\n","protected":false},"author":5,"featured_media":25304,"comment_status":"closed","ping_status":"closed","sticky":false,"template":"","format":"standard","meta":{"_jetpack_memberships_contains_paid_content":false,"footnotes":""},"categories":[132],"tags":[97,104,308,137],"class_list":["post-25302","post","type-post","status-publish","format-standard","has-post-thumbnail","hentry","category-metier","tag-confort-urbain","tag-environnement","tag-ilot-de-chaleur","tag-milieu-urbain-dense","category-132","description-off"],"yoast_head":"<!-- This site is optimized with the Yoast SEO plugin v27.5 - https:\/\/yoast.com\/product\/yoast-seo-wordpress\/ -->\n<title>Etude du confort urbain \u00e0 l\u2019aide d\u2019ENVI-MET - MATRIciel<\/title>\n<meta name=\"description\" content=\"MATRIciel by Oteis : premi\u00e8res \u00e9tudes de confort ext\u00e9rieur urbain, connaissances relatives \u00e0 l\u2019effet d\u2019ilot de chaleur urbain \u00e9largies\" \/>\n<meta name=\"robots\" content=\"index, follow, max-snippet:-1, max-image-preview:large, max-video-preview:-1\" \/>\n<link rel=\"canonical\" href=\"https:\/\/www.matriciel.be\/envi-met\/\" \/>\n<meta property=\"og:locale\" content=\"nl_NL\" \/>\n<meta property=\"og:type\" content=\"article\" \/>\n<meta property=\"og:title\" content=\"Etude du confort urbain \u00e0 l\u2019aide d\u2019ENVI-MET - MATRIciel\" \/>\n<meta property=\"og:description\" content=\"MATRIciel by Oteis : premi\u00e8res \u00e9tudes de confort ext\u00e9rieur urbain, connaissances relatives \u00e0 l\u2019effet d\u2019ilot de chaleur urbain \u00e9largies\" \/>\n<meta property=\"og:url\" content=\"https:\/\/www.matriciel.be\/envi-met\/\" \/>\n<meta property=\"og:site_name\" content=\"MATRIciel\" \/>\n<meta property=\"article:published_time\" content=\"2026-04-28T09:51:38+00:00\" \/>\n<meta property=\"article:modified_time\" content=\"2026-04-28T09:52:18+00:00\" \/>\n<meta property=\"og:image\" content=\"https:\/\/www.matriciel.be\/wp-content\/uploads\/2026\/04\/EnviMET-e1776948039429.png\" \/>\n\t<meta property=\"og:image:width\" content=\"530\" \/>\n\t<meta property=\"og:image:height\" content=\"303\" \/>\n\t<meta property=\"og:image:type\" content=\"image\/png\" \/>\n<meta name=\"author\" content=\"catherine\" \/>\n<meta name=\"twitter:card\" content=\"summary_large_image\" \/>\n<meta name=\"twitter:label1\" content=\"Geschreven door\" \/>\n\t<meta name=\"twitter:data1\" content=\"catherine\" \/>\n\t<meta name=\"twitter:label2\" content=\"Geschatte leestijd\" \/>\n\t<meta name=\"twitter:data2\" content=\"3 minuten\" \/>\n<script type=\"application\/ld+json\" class=\"yoast-schema-graph\">{\"@context\":\"https:\\\/\\\/schema.org\",\"@graph\":[{\"@type\":\"Article\",\"@id\":\"https:\\\/\\\/www.matriciel.be\\\/envi-met\\\/#article\",\"isPartOf\":{\"@id\":\"https:\\\/\\\/www.matriciel.be\\\/envi-met\\\/\"},\"author\":{\"name\":\"catherine\",\"@id\":\"https:\\\/\\\/www.matriciel.be\\\/#\\\/schema\\\/person\\\/44a6df2b7f4b9aa38fd89d2a2e3036bf\"},\"headline\":\"Etude du confort urbain \u00e0 l\u2019aide d\u2019ENVI-MET\",\"datePublished\":\"2026-04-28T09:51:38+00:00\",\"dateModified\":\"2026-04-28T09:52:18+00:00\",\"mainEntityOfPage\":{\"@id\":\"https:\\\/\\\/www.matriciel.be\\\/envi-met\\\/\"},\"wordCount\":387,\"image\":{\"@id\":\"https:\\\/\\\/www.matriciel.be\\\/envi-met\\\/#primaryimage\"},\"thumbnailUrl\":\"https:\\\/\\\/www.matriciel.be\\\/wp-content\\\/uploads\\\/2026\\\/04\\\/EnviMET-e1776948039429.png\",\"keywords\":[\"Confort urbain\",\"Environnement\",\"ilot de chaleur\",\"Milieu urbain dense\"],\"articleSection\":[\"M\u00e9tier\"],\"inLanguage\":\"nl-NL\"},{\"@type\":\"WebPage\",\"@id\":\"https:\\\/\\\/www.matriciel.be\\\/envi-met\\\/\",\"url\":\"https:\\\/\\\/www.matriciel.be\\\/envi-met\\\/\",\"name\":\"Etude du confort urbain \u00e0 l\u2019aide d\u2019ENVI-MET - MATRIciel\",\"isPartOf\":{\"@id\":\"https:\\\/\\\/www.matriciel.be\\\/#website\"},\"primaryImageOfPage\":{\"@id\":\"https:\\\/\\\/www.matriciel.be\\\/envi-met\\\/#primaryimage\"},\"image\":{\"@id\":\"https:\\\/\\\/www.matriciel.be\\\/envi-met\\\/#primaryimage\"},\"thumbnailUrl\":\"https:\\\/\\\/www.matriciel.be\\\/wp-content\\\/uploads\\\/2026\\\/04\\\/EnviMET-e1776948039429.png\",\"datePublished\":\"2026-04-28T09:51:38+00:00\",\"dateModified\":\"2026-04-28T09:52:18+00:00\",\"author\":{\"@id\":\"https:\\\/\\\/www.matriciel.be\\\/#\\\/schema\\\/person\\\/44a6df2b7f4b9aa38fd89d2a2e3036bf\"},\"description\":\"MATRIciel by Oteis : premi\u00e8res \u00e9tudes de confort ext\u00e9rieur urbain, connaissances relatives \u00e0 l\u2019effet d\u2019ilot de chaleur urbain \u00e9largies\",\"breadcrumb\":{\"@id\":\"https:\\\/\\\/www.matriciel.be\\\/envi-met\\\/#breadcrumb\"},\"inLanguage\":\"nl-NL\",\"potentialAction\":[{\"@type\":\"ReadAction\",\"target\":[\"https:\\\/\\\/www.matriciel.be\\\/envi-met\\\/\"]}]},{\"@type\":\"ImageObject\",\"inLanguage\":\"nl-NL\",\"@id\":\"https:\\\/\\\/www.matriciel.be\\\/envi-met\\\/#primaryimage\",\"url\":\"https:\\\/\\\/www.matriciel.be\\\/wp-content\\\/uploads\\\/2026\\\/04\\\/EnviMET-e1776948039429.png\",\"contentUrl\":\"https:\\\/\\\/www.matriciel.be\\\/wp-content\\\/uploads\\\/2026\\\/04\\\/EnviMET-e1776948039429.png\",\"width\":530,\"height\":303,\"caption\":\"Mod\u00e9lisation d'un espace urbain avec OneClickLCA\"},{\"@type\":\"BreadcrumbList\",\"@id\":\"https:\\\/\\\/www.matriciel.be\\\/envi-met\\\/#breadcrumb\",\"itemListElement\":[{\"@type\":\"ListItem\",\"position\":1,\"name\":\"Accueil\",\"item\":\"https:\\\/\\\/www.matriciel.be\\\/nl\\\/\"},{\"@type\":\"ListItem\",\"position\":2,\"name\":\"Etude du confort urbain \u00e0 l\u2019aide d\u2019ENVI-MET\"}]},{\"@type\":\"WebSite\",\"@id\":\"https:\\\/\\\/www.matriciel.be\\\/#website\",\"url\":\"https:\\\/\\\/www.matriciel.be\\\/\",\"name\":\"MATRIciel\",\"description\":\"Bureau d&#039;\u00e9tude et de conseil en architecture durable\",\"potentialAction\":[{\"@type\":\"SearchAction\",\"target\":{\"@type\":\"EntryPoint\",\"urlTemplate\":\"https:\\\/\\\/www.matriciel.be\\\/?s={search_term_string}\"},\"query-input\":{\"@type\":\"PropertyValueSpecification\",\"valueRequired\":true,\"valueName\":\"search_term_string\"}}],\"inLanguage\":\"nl-NL\"},{\"@type\":\"Person\",\"@id\":\"https:\\\/\\\/www.matriciel.be\\\/#\\\/schema\\\/person\\\/44a6df2b7f4b9aa38fd89d2a2e3036bf\",\"name\":\"catherine\"}]}<\/script>\n<!-- \/ Yoast SEO plugin. -->","yoast_head_json":{"title":"Etude du confort urbain \u00e0 l\u2019aide d\u2019ENVI-MET - MATRIciel","description":"MATRIciel by Oteis : premi\u00e8res \u00e9tudes de confort ext\u00e9rieur urbain, connaissances relatives \u00e0 l\u2019effet d\u2019ilot de chaleur urbain \u00e9largies","robots":{"index":"index","follow":"follow","max-snippet":"max-snippet:-1","max-image-preview":"max-image-preview:large","max-video-preview":"max-video-preview:-1"},"canonical":"https:\/\/www.matriciel.be\/envi-met\/","og_locale":"nl_NL","og_type":"article","og_title":"Etude du confort urbain \u00e0 l\u2019aide d\u2019ENVI-MET - MATRIciel","og_description":"MATRIciel by Oteis : premi\u00e8res \u00e9tudes de confort ext\u00e9rieur urbain, connaissances relatives \u00e0 l\u2019effet d\u2019ilot de chaleur urbain \u00e9largies","og_url":"https:\/\/www.matriciel.be\/envi-met\/","og_site_name":"MATRIciel","article_published_time":"2026-04-28T09:51:38+00:00","article_modified_time":"2026-04-28T09:52:18+00:00","og_image":[{"width":530,"height":303,"url":"https:\/\/www.matriciel.be\/wp-content\/uploads\/2026\/04\/EnviMET-e1776948039429.png","type":"image\/png"}],"author":"catherine","twitter_card":"summary_large_image","twitter_misc":{"Geschreven door":"catherine","Geschatte leestijd":"3 minuten"},"schema":{"@context":"https:\/\/schema.org","@graph":[{"@type":"Article","@id":"https:\/\/www.matriciel.be\/envi-met\/#article","isPartOf":{"@id":"https:\/\/www.matriciel.be\/envi-met\/"},"author":{"name":"catherine","@id":"https:\/\/www.matriciel.be\/#\/schema\/person\/44a6df2b7f4b9aa38fd89d2a2e3036bf"},"headline":"Etude du confort urbain \u00e0 l\u2019aide d\u2019ENVI-MET","datePublished":"2026-04-28T09:51:38+00:00","dateModified":"2026-04-28T09:52:18+00:00","mainEntityOfPage":{"@id":"https:\/\/www.matriciel.be\/envi-met\/"},"wordCount":387,"image":{"@id":"https:\/\/www.matriciel.be\/envi-met\/#primaryimage"},"thumbnailUrl":"https:\/\/www.matriciel.be\/wp-content\/uploads\/2026\/04\/EnviMET-e1776948039429.png","keywords":["Confort urbain","Environnement","ilot de chaleur","Milieu urbain dense"],"articleSection":["M\u00e9tier"],"inLanguage":"nl-NL"},{"@type":"WebPage","@id":"https:\/\/www.matriciel.be\/envi-met\/","url":"https:\/\/www.matriciel.be\/envi-met\/","name":"Etude du confort urbain \u00e0 l\u2019aide d\u2019ENVI-MET - MATRIciel","isPartOf":{"@id":"https:\/\/www.matriciel.be\/#website"},"primaryImageOfPage":{"@id":"https:\/\/www.matriciel.be\/envi-met\/#primaryimage"},"image":{"@id":"https:\/\/www.matriciel.be\/envi-met\/#primaryimage"},"thumbnailUrl":"https:\/\/www.matriciel.be\/wp-content\/uploads\/2026\/04\/EnviMET-e1776948039429.png","datePublished":"2026-04-28T09:51:38+00:00","dateModified":"2026-04-28T09:52:18+00:00","author":{"@id":"https:\/\/www.matriciel.be\/#\/schema\/person\/44a6df2b7f4b9aa38fd89d2a2e3036bf"},"description":"MATRIciel by Oteis : premi\u00e8res \u00e9tudes de confort ext\u00e9rieur urbain, connaissances relatives \u00e0 l\u2019effet d\u2019ilot de chaleur urbain \u00e9largies","breadcrumb":{"@id":"https:\/\/www.matriciel.be\/envi-met\/#breadcrumb"},"inLanguage":"nl-NL","potentialAction":[{"@type":"ReadAction","target":["https:\/\/www.matriciel.be\/envi-met\/"]}]},{"@type":"ImageObject","inLanguage":"nl-NL","@id":"https:\/\/www.matriciel.be\/envi-met\/#primaryimage","url":"https:\/\/www.matriciel.be\/wp-content\/uploads\/2026\/04\/EnviMET-e1776948039429.png","contentUrl":"https:\/\/www.matriciel.be\/wp-content\/uploads\/2026\/04\/EnviMET-e1776948039429.png","width":530,"height":303,"caption":"Mod\u00e9lisation d'un espace urbain avec OneClickLCA"},{"@type":"BreadcrumbList","@id":"https:\/\/www.matriciel.be\/envi-met\/#breadcrumb","itemListElement":[{"@type":"ListItem","position":1,"name":"Accueil","item":"https:\/\/www.matriciel.be\/nl\/"},{"@type":"ListItem","position":2,"name":"Etude du confort urbain \u00e0 l\u2019aide d\u2019ENVI-MET"}]},{"@type":"WebSite","@id":"https:\/\/www.matriciel.be\/#website","url":"https:\/\/www.matriciel.be\/","name":"MATRIciel","description":"Bureau d&#039;\u00e9tude et de conseil en architecture durable","potentialAction":[{"@type":"SearchAction","target":{"@type":"EntryPoint","urlTemplate":"https:\/\/www.matriciel.be\/?s={search_term_string}"},"query-input":{"@type":"PropertyValueSpecification","valueRequired":true,"valueName":"search_term_string"}}],"inLanguage":"nl-NL"},{"@type":"Person","@id":"https:\/\/www.matriciel.be\/#\/schema\/person\/44a6df2b7f4b9aa38fd89d2a2e3036bf","name":"catherine"}]}},"jetpack_featured_media_url":"https:\/\/www.matriciel.be\/wp-content\/uploads\/2026\/04\/EnviMET-e1776948039429.png","jetpack_shortlink":"https:\/\/wp.me\/p8HVJL-6A6","jetpack_sharing_enabled":true,"_links":{"self":[{"href":"https:\/\/www.matriciel.be\/nl\/wp-json\/wp\/v2\/posts\/25302","targetHints":{"allow":["GET"]}}],"collection":[{"href":"https:\/\/www.matriciel.be\/nl\/wp-json\/wp\/v2\/posts"}],"about":[{"href":"https:\/\/www.matriciel.be\/nl\/wp-json\/wp\/v2\/types\/post"}],"author":[{"embeddable":true,"href":"https:\/\/www.matriciel.be\/nl\/wp-json\/wp\/v2\/users\/5"}],"replies":[{"embeddable":true,"href":"https:\/\/www.matriciel.be\/nl\/wp-json\/wp\/v2\/comments?post=25302"}],"version-history":[{"count":5,"href":"https:\/\/www.matriciel.be\/nl\/wp-json\/wp\/v2\/posts\/25302\/revisions"}],"predecessor-version":[{"id":25334,"href":"https:\/\/www.matriciel.be\/nl\/wp-json\/wp\/v2\/posts\/25302\/revisions\/25334"}],"wp:featuredmedia":[{"embeddable":true,"href":"https:\/\/www.matriciel.be\/nl\/wp-json\/wp\/v2\/media\/25304"}],"wp:attachment":[{"href":"https:\/\/www.matriciel.be\/nl\/wp-json\/wp\/v2\/media?parent=25302"}],"wp:term":[{"taxonomy":"category","embeddable":true,"href":"https:\/\/www.matriciel.be\/nl\/wp-json\/wp\/v2\/categories?post=25302"},{"taxonomy":"post_tag","embeddable":true,"href":"https:\/\/www.matriciel.be\/nl\/wp-json\/wp\/v2\/tags?post=25302"}],"curies":[{"name":"wp","href":"https:\/\/api.w.org\/{rel}","templated":true}]}}