{"id":3342,"date":"2019-10-29T17:17:00","date_gmt":"2019-10-29T16:17:00","guid":{"rendered":"https:\/\/agencepoush-newmatriciel.pf503.wpserveur.net\/?p=3342"},"modified":"2019-12-12T17:17:10","modified_gmt":"2019-12-12T16:17:10","slug":"rempartmoines","status":"publish","type":"post","link":"https:\/\/www.matriciel.be\/nl\/rempartmoines\/","title":{"rendered":"Reconfiguration du site Rempart des Moines"},"content":{"rendered":"\n<p>Nous sommes heureux de faire partie de l&#8217;\u00e9quipe &#8220;TEAM 5+&#8221;, laur\u00e9ate du concours &#8220;Rempart des Moines&#8221;,  en association avec  les architectes MDW ARCHITECTURE et  LAN Paris, les paysagistes-urbanistes COLOCO et le bureau d\u2019\u00e9tudes GREISCH .<\/p>\n\n\n\n<p>Le projet,  pilot\u00e9 par le Logement Bruxellois et la R\u00e9gie Fonci\u00e8re de la Ville de Bruxelles, envisage la d\u00e9molition des 314 logements sociaux existants en deux phases et la reconstruction de 350 nouveaux logements :<\/p>\n\n\n\n<p> \u2022  210 logements sociaux g\u00e9r\u00e9s par le Logement Bruxellois<br> \u2022  140 logements moyens g\u00e9r\u00e9s par la R\u00e9gie Fonci\u00e8re de la Ville de Bruxelles<\/p>\n\n\n\n<p> Les types de logements seront vari\u00e9s : appartements d\u20191 \u00e0 5 chambres \u00e0 coucher. Des jardins communs et des terrasses privatives pour la plupart des grands appartements sont pr\u00e9vus.<\/p>\n\n\n\n<p> Ce projet envisage \u00e9galement une nouvelle salle de sport qui offrira, entre autres, un grand terrain homologu\u00e9 pour les comp\u00e9titions de mini-foot et d\u2019handball ainsi que deux salles d\u2019arts martiaux\/de gymnastique. Les activit\u00e9s sportives seront maintenues sur le site tout au long des travaux. En effet, l\u2019ancienne salle de sport ne sera d\u00e9mont\u00e9e qu\u2019une fois la nouvelle salle op\u00e9rationnelle.<\/p>\n\n\n\n<p> Des \u00e9quipements collectifs, un espace d\u2019accueil pour seniors, des locaux de co-accueil pour la petite enfance et de nombreux emplacements de parking v\u00e9los font aussi partie int\u00e9grante du projet.<\/p>\n\n\n\n<p> MATRI<em>ciel<\/em>\u00a0assure les missions d&#8217;expertise en d\u00e9veloppement durable, d\u2019\u00e9tude des techniques sp\u00e9ciales et de Conseiller PEB.<\/p>\n","protected":false},"excerpt":{"rendered":"<p>Nous sommes heureux de faire partie de l&#8217;\u00e9quipe &#8220;TEAM 5+&#8221;, laur\u00e9ate du concours &#8220;Rempart des Moines&#8221;, en association avec les architectes MDW ARCHITECTURE et LAN Paris, les paysagistes-urbanistes COLOCO et le bureau d\u2019\u00e9tudes GREISCH . Le projet, pilot\u00e9 par le Logement Bruxellois et la R\u00e9gie Fonci\u00e8re de la Ville de Bruxelles, envisage la d\u00e9molition des&hellip;<\/p>\n","protected":false},"author":5,"featured_media":3598,"comment_status":"closed","ping_status":"closed","sticky":false,"template":"","format":"standard","meta":{"_jetpack_memberships_contains_paid_content":false,"footnotes":""},"categories":[64],"tags":[151,112,71,77],"class_list":["post-3342","post","type-post","status-publish","format-standard","has-post-thumbnail","hentry","category-residentiel","tag-concours","tag-energie-et-confort","tag-peb","tag-techniques-speciales","category-64","description-off"],"yoast_head":"<!-- This site is optimized with the Yoast SEO plugin v27.5 - https:\/\/yoast.com\/product\/yoast-seo-wordpress\/ -->\n<title>Rempart des Moines : MATRIciel, MDW, LAN, COLOCO, GREISCH laur\u00e9ats !<\/title>\n<meta name=\"description\" content=\"MATRIciel et son expertise en d\u00e9veloppement durable au service du projet de reconfiguration du site Rempart des Moines\" \/>\n<meta name=\"robots\" content=\"index, follow, max-snippet:-1, max-image-preview:large, max-video-preview:-1\" \/>\n<link rel=\"canonical\" href=\"https:\/\/www.matriciel.be\/rempartmoines\/\" \/>\n<meta property=\"og:locale\" content=\"nl_NL\" \/>\n<meta property=\"og:type\" content=\"article\" \/>\n<meta property=\"og:title\" content=\"Rempart des Moines : MATRIciel, MDW, LAN, COLOCO, GREISCH laur\u00e9ats !\" \/>\n<meta property=\"og:description\" content=\"MATRIciel et son expertise en d\u00e9veloppement durable au service du projet de reconfiguration du site Rempart des Moines\" \/>\n<meta property=\"og:url\" content=\"https:\/\/www.matriciel.be\/rempartmoines\/\" \/>\n<meta property=\"og:site_name\" content=\"MATRIciel\" \/>\n<meta property=\"article:published_time\" content=\"2019-10-29T16:17:00+00:00\" \/>\n<meta property=\"article:modified_time\" content=\"2019-12-12T16:17:10+00:00\" \/>\n<meta property=\"og:image\" content=\"https:\/\/www.matriciel.be\/wp-content\/uploads\/2019\/12\/16120-RempartMoines-News-20191212.jpg\" \/>\n\t<meta property=\"og:image:width\" content=\"945\" \/>\n\t<meta property=\"og:image:height\" content=\"397\" \/>\n\t<meta property=\"og:image:type\" content=\"image\/jpeg\" \/>\n<meta name=\"author\" content=\"catherine\" \/>\n<meta name=\"twitter:card\" content=\"summary_large_image\" \/>\n<meta name=\"twitter:label1\" content=\"Geschreven door\" \/>\n\t<meta name=\"twitter:data1\" content=\"catherine\" \/>\n\t<meta name=\"twitter:label2\" content=\"Geschatte leestijd\" \/>\n\t<meta name=\"twitter:data2\" content=\"1 minuut\" \/>\n<script type=\"application\/ld+json\" class=\"yoast-schema-graph\">{\"@context\":\"https:\\\/\\\/schema.org\",\"@graph\":[{\"@type\":\"Article\",\"@id\":\"https:\\\/\\\/www.matriciel.be\\\/rempartmoines\\\/#article\",\"isPartOf\":{\"@id\":\"https:\\\/\\\/www.matriciel.be\\\/rempartmoines\\\/\"},\"author\":{\"name\":\"catherine\",\"@id\":\"https:\\\/\\\/www.matriciel.be\\\/#\\\/schema\\\/person\\\/44a6df2b7f4b9aa38fd89d2a2e3036bf\"},\"headline\":\"Reconfiguration du site Rempart des Moines\",\"datePublished\":\"2019-10-29T16:17:00+00:00\",\"dateModified\":\"2019-12-12T16:17:10+00:00\",\"mainEntityOfPage\":{\"@id\":\"https:\\\/\\\/www.matriciel.be\\\/rempartmoines\\\/\"},\"wordCount\":250,\"image\":{\"@id\":\"https:\\\/\\\/www.matriciel.be\\\/rempartmoines\\\/#primaryimage\"},\"thumbnailUrl\":\"https:\\\/\\\/www.matriciel.be\\\/wp-content\\\/uploads\\\/2019\\\/12\\\/16120-RempartMoines-News-20191212.jpg\",\"keywords\":[\"Concours\",\"Energie et confort\",\"PEB\",\"Techniques sp\u00e9ciales\"],\"articleSection\":[\"R\u00e9sidentiel\"],\"inLanguage\":\"nl-NL\"},{\"@type\":\"WebPage\",\"@id\":\"https:\\\/\\\/www.matriciel.be\\\/rempartmoines\\\/\",\"url\":\"https:\\\/\\\/www.matriciel.be\\\/rempartmoines\\\/\",\"name\":\"Rempart des Moines : MATRIciel, MDW, LAN, COLOCO, GREISCH laur\u00e9ats !\",\"isPartOf\":{\"@id\":\"https:\\\/\\\/www.matriciel.be\\\/#website\"},\"primaryImageOfPage\":{\"@id\":\"https:\\\/\\\/www.matriciel.be\\\/rempartmoines\\\/#primaryimage\"},\"image\":{\"@id\":\"https:\\\/\\\/www.matriciel.be\\\/rempartmoines\\\/#primaryimage\"},\"thumbnailUrl\":\"https:\\\/\\\/www.matriciel.be\\\/wp-content\\\/uploads\\\/2019\\\/12\\\/16120-RempartMoines-News-20191212.jpg\",\"datePublished\":\"2019-10-29T16:17:00+00:00\",\"dateModified\":\"2019-12-12T16:17:10+00:00\",\"author\":{\"@id\":\"https:\\\/\\\/www.matriciel.be\\\/#\\\/schema\\\/person\\\/44a6df2b7f4b9aa38fd89d2a2e3036bf\"},\"description\":\"MATRIciel et son expertise en d\u00e9veloppement durable au service du projet de reconfiguration du site Rempart des Moines\",\"breadcrumb\":{\"@id\":\"https:\\\/\\\/www.matriciel.be\\\/rempartmoines\\\/#breadcrumb\"},\"inLanguage\":\"nl-NL\",\"potentialAction\":[{\"@type\":\"ReadAction\",\"target\":[\"https:\\\/\\\/www.matriciel.be\\\/rempartmoines\\\/\"]}]},{\"@type\":\"ImageObject\",\"inLanguage\":\"nl-NL\",\"@id\":\"https:\\\/\\\/www.matriciel.be\\\/rempartmoines\\\/#primaryimage\",\"url\":\"https:\\\/\\\/www.matriciel.be\\\/wp-content\\\/uploads\\\/2019\\\/12\\\/16120-RempartMoines-News-20191212.jpg\",\"contentUrl\":\"https:\\\/\\\/www.matriciel.be\\\/wp-content\\\/uploads\\\/2019\\\/12\\\/16120-RempartMoines-News-20191212.jpg\",\"width\":945,\"height\":397,\"caption\":\"350 logements sociaux et moyens, des \u00e9quipements collectifs et des prestations de qualit\u00e9 au b\u00e9n\u00e9fice des Bruxellois\"},{\"@type\":\"BreadcrumbList\",\"@id\":\"https:\\\/\\\/www.matriciel.be\\\/rempartmoines\\\/#breadcrumb\",\"itemListElement\":[{\"@type\":\"ListItem\",\"position\":1,\"name\":\"Accueil\",\"item\":\"https:\\\/\\\/www.matriciel.be\\\/nl\\\/\"},{\"@type\":\"ListItem\",\"position\":2,\"name\":\"Reconfiguration du site Rempart des Moines\"}]},{\"@type\":\"WebSite\",\"@id\":\"https:\\\/\\\/www.matriciel.be\\\/#website\",\"url\":\"https:\\\/\\\/www.matriciel.be\\\/\",\"name\":\"MATRIciel\",\"description\":\"Bureau d&#039;\u00e9tude et de conseil en architecture durable\",\"potentialAction\":[{\"@type\":\"SearchAction\",\"target\":{\"@type\":\"EntryPoint\",\"urlTemplate\":\"https:\\\/\\\/www.matriciel.be\\\/?s={search_term_string}\"},\"query-input\":{\"@type\":\"PropertyValueSpecification\",\"valueRequired\":true,\"valueName\":\"search_term_string\"}}],\"inLanguage\":\"nl-NL\"},{\"@type\":\"Person\",\"@id\":\"https:\\\/\\\/www.matriciel.be\\\/#\\\/schema\\\/person\\\/44a6df2b7f4b9aa38fd89d2a2e3036bf\",\"name\":\"catherine\"}]}<\/script>\n<!-- \/ Yoast SEO plugin. -->","yoast_head_json":{"title":"Rempart des Moines : MATRIciel, MDW, LAN, COLOCO, GREISCH laur\u00e9ats !","description":"MATRIciel et son expertise en d\u00e9veloppement durable au service du projet de reconfiguration du site Rempart des Moines","robots":{"index":"index","follow":"follow","max-snippet":"max-snippet:-1","max-image-preview":"max-image-preview:large","max-video-preview":"max-video-preview:-1"},"canonical":"https:\/\/www.matriciel.be\/rempartmoines\/","og_locale":"nl_NL","og_type":"article","og_title":"Rempart des Moines : MATRIciel, MDW, LAN, COLOCO, GREISCH laur\u00e9ats !","og_description":"MATRIciel et son expertise en d\u00e9veloppement durable au service du projet de reconfiguration du site Rempart des Moines","og_url":"https:\/\/www.matriciel.be\/rempartmoines\/","og_site_name":"MATRIciel","article_published_time":"2019-10-29T16:17:00+00:00","article_modified_time":"2019-12-12T16:17:10+00:00","og_image":[{"width":945,"height":397,"url":"https:\/\/www.matriciel.be\/wp-content\/uploads\/2019\/12\/16120-RempartMoines-News-20191212.jpg","type":"image\/jpeg"}],"author":"catherine","twitter_card":"summary_large_image","twitter_misc":{"Geschreven door":"catherine","Geschatte leestijd":"1 minuut"},"schema":{"@context":"https:\/\/schema.org","@graph":[{"@type":"Article","@id":"https:\/\/www.matriciel.be\/rempartmoines\/#article","isPartOf":{"@id":"https:\/\/www.matriciel.be\/rempartmoines\/"},"author":{"name":"catherine","@id":"https:\/\/www.matriciel.be\/#\/schema\/person\/44a6df2b7f4b9aa38fd89d2a2e3036bf"},"headline":"Reconfiguration du site Rempart des Moines","datePublished":"2019-10-29T16:17:00+00:00","dateModified":"2019-12-12T16:17:10+00:00","mainEntityOfPage":{"@id":"https:\/\/www.matriciel.be\/rempartmoines\/"},"wordCount":250,"image":{"@id":"https:\/\/www.matriciel.be\/rempartmoines\/#primaryimage"},"thumbnailUrl":"https:\/\/www.matriciel.be\/wp-content\/uploads\/2019\/12\/16120-RempartMoines-News-20191212.jpg","keywords":["Concours","Energie et confort","PEB","Techniques sp\u00e9ciales"],"articleSection":["R\u00e9sidentiel"],"inLanguage":"nl-NL"},{"@type":"WebPage","@id":"https:\/\/www.matriciel.be\/rempartmoines\/","url":"https:\/\/www.matriciel.be\/rempartmoines\/","name":"Rempart des Moines : MATRIciel, MDW, LAN, COLOCO, GREISCH laur\u00e9ats !","isPartOf":{"@id":"https:\/\/www.matriciel.be\/#website"},"primaryImageOfPage":{"@id":"https:\/\/www.matriciel.be\/rempartmoines\/#primaryimage"},"image":{"@id":"https:\/\/www.matriciel.be\/rempartmoines\/#primaryimage"},"thumbnailUrl":"https:\/\/www.matriciel.be\/wp-content\/uploads\/2019\/12\/16120-RempartMoines-News-20191212.jpg","datePublished":"2019-10-29T16:17:00+00:00","dateModified":"2019-12-12T16:17:10+00:00","author":{"@id":"https:\/\/www.matriciel.be\/#\/schema\/person\/44a6df2b7f4b9aa38fd89d2a2e3036bf"},"description":"MATRIciel et son expertise en d\u00e9veloppement durable au service du projet de reconfiguration du site Rempart des Moines","breadcrumb":{"@id":"https:\/\/www.matriciel.be\/rempartmoines\/#breadcrumb"},"inLanguage":"nl-NL","potentialAction":[{"@type":"ReadAction","target":["https:\/\/www.matriciel.be\/rempartmoines\/"]}]},{"@type":"ImageObject","inLanguage":"nl-NL","@id":"https:\/\/www.matriciel.be\/rempartmoines\/#primaryimage","url":"https:\/\/www.matriciel.be\/wp-content\/uploads\/2019\/12\/16120-RempartMoines-News-20191212.jpg","contentUrl":"https:\/\/www.matriciel.be\/wp-content\/uploads\/2019\/12\/16120-RempartMoines-News-20191212.jpg","width":945,"height":397,"caption":"350 logements sociaux et moyens, des \u00e9quipements collectifs et des prestations de qualit\u00e9 au b\u00e9n\u00e9fice des Bruxellois"},{"@type":"BreadcrumbList","@id":"https:\/\/www.matriciel.be\/rempartmoines\/#breadcrumb","itemListElement":[{"@type":"ListItem","position":1,"name":"Accueil","item":"https:\/\/www.matriciel.be\/nl\/"},{"@type":"ListItem","position":2,"name":"Reconfiguration du site Rempart des Moines"}]},{"@type":"WebSite","@id":"https:\/\/www.matriciel.be\/#website","url":"https:\/\/www.matriciel.be\/","name":"MATRIciel","description":"Bureau d&#039;\u00e9tude et de conseil en architecture durable","potentialAction":[{"@type":"SearchAction","target":{"@type":"EntryPoint","urlTemplate":"https:\/\/www.matriciel.be\/?s={search_term_string}"},"query-input":{"@type":"PropertyValueSpecification","valueRequired":true,"valueName":"search_term_string"}}],"inLanguage":"nl-NL"},{"@type":"Person","@id":"https:\/\/www.matriciel.be\/#\/schema\/person\/44a6df2b7f4b9aa38fd89d2a2e3036bf","name":"catherine"}]}},"jetpack_featured_media_url":"https:\/\/www.matriciel.be\/wp-content\/uploads\/2019\/12\/16120-RempartMoines-News-20191212.jpg","jetpack_shortlink":"https:\/\/wp.me\/p8HVJL-RU","jetpack_sharing_enabled":true,"_links":{"self":[{"href":"https:\/\/www.matriciel.be\/nl\/wp-json\/wp\/v2\/posts\/3342","targetHints":{"allow":["GET"]}}],"collection":[{"href":"https:\/\/www.matriciel.be\/nl\/wp-json\/wp\/v2\/posts"}],"about":[{"href":"https:\/\/www.matriciel.be\/nl\/wp-json\/wp\/v2\/types\/post"}],"author":[{"embeddable":true,"href":"https:\/\/www.matriciel.be\/nl\/wp-json\/wp\/v2\/users\/5"}],"replies":[{"embeddable":true,"href":"https:\/\/www.matriciel.be\/nl\/wp-json\/wp\/v2\/comments?post=3342"}],"version-history":[{"count":0,"href":"https:\/\/www.matriciel.be\/nl\/wp-json\/wp\/v2\/posts\/3342\/revisions"}],"wp:featuredmedia":[{"embeddable":true,"href":"https:\/\/www.matriciel.be\/nl\/wp-json\/wp\/v2\/media\/3598"}],"wp:attachment":[{"href":"https:\/\/www.matriciel.be\/nl\/wp-json\/wp\/v2\/media?parent=3342"}],"wp:term":[{"taxonomy":"category","embeddable":true,"href":"https:\/\/www.matriciel.be\/nl\/wp-json\/wp\/v2\/categories?post=3342"},{"taxonomy":"post_tag","embeddable":true,"href":"https:\/\/www.matriciel.be\/nl\/wp-json\/wp\/v2\/tags?post=3342"}],"curies":[{"name":"wp","href":"https:\/\/api.w.org\/{rel}","templated":true}]}}