{"id":4081,"date":"2020-09-05T08:00:00","date_gmt":"2020-09-05T06:00:00","guid":{"rendered":"https:\/\/agencepoush-newmatriciel.pf503.wpserveur.net\/?p=4081"},"modified":"2020-10-27T17:49:11","modified_gmt":"2020-10-27T16:49:11","slug":"15ans","status":"publish","type":"post","link":"https:\/\/www.matriciel.be\/nl\/15ans\/","title":{"rendered":"Ce 5 septembre 2020, MATRI<em>ciel<\/em> a 15 ans !"},"content":{"rendered":"\n<p>Ce 5 septembre, <strong>MATRI<\/strong><em>ciel<\/em> f\u00eate ses <strong>15 ans <\/strong>d\u2019existence !<\/p>\n\n\n\n<p>Nous en avons fait du chemin en quelques ann\u00e9es !<\/p>\n\n\n\n<p>D\u2019un travail essentiellement tourn\u00e9 vers l\u2019<strong>\u00e9nergie<\/strong>, nous avons d\u00e9velopp\u00e9s de nombreux autres domaines de la <strong>conception de b\u00e2timents durables<\/strong>, mis en place une \u00e9quipe qui \u00e9tudie les <strong>techniques sp\u00e9ciales <\/strong>et agrandi l\u2019\u00e9quipe qui compte maintenant 18 personnes.<\/p>\n\n\n\n<p><br>Nous avions tout pr\u00e9vu pour c\u00e9l\u00e9brer\u00a0l&#8217;\u00e9v\u00e9nement avec vous autour d\u2019un verre \u2026<br>      \u2026  mais ce sera pour plus tard !!<\/p>\n\n\n\n<p>Rapidement, esp\u00e9rons-le !<\/p>\n\n\n\n<p><\/p>\n","protected":false},"excerpt":{"rendered":"<p>15ans de MATRIciel, \u00e9nergie, environnement et techniques sp\u00e9ciales<\/p>\n","protected":false},"author":5,"featured_media":4086,"comment_status":"closed","ping_status":"closed","sticky":false,"template":"","format":"standard","meta":{"_jetpack_memberships_contains_paid_content":false,"footnotes":""},"categories":[54],"tags":[84,145,61,95,157,49,142,86,77],"class_list":["post-4081","post","type-post","status-publish","format-standard","has-post-thumbnail","hentry","category-lequipe","tag-biodiversite","tag-breeam","tag-chantier-circulaire","tag-choix-des-materiaux","tag-conception-durable","tag-gestion-de-leau","tag-lca-lcc","tag-passif","tag-techniques-speciales","category-54","description-off"],"yoast_head":"<!-- This site is optimized with the Yoast SEO plugin v27.5 - https:\/\/yoast.com\/product\/yoast-seo-wordpress\/ -->\n<title>Ce 5 septembre 2020, MATRIciel a 15 ans ! - MATRIciel<\/title>\n<meta name=\"robots\" content=\"index, follow, max-snippet:-1, max-image-preview:large, max-video-preview:-1\" \/>\n<link rel=\"canonical\" href=\"https:\/\/www.matriciel.be\/en\/15ans\/\" \/>\n<meta property=\"og:locale\" content=\"nl_NL\" \/>\n<meta property=\"og:type\" content=\"article\" \/>\n<meta property=\"og:title\" content=\"Ce 5 septembre 2020, MATRIciel a 15 ans ! - MATRIciel\" \/>\n<meta property=\"og:description\" content=\"15ans de MATRIciel, \u00e9nergie, environnement et techniques sp\u00e9ciales\" \/>\n<meta property=\"og:url\" content=\"https:\/\/www.matriciel.be\/en\/15ans\/\" \/>\n<meta property=\"og:site_name\" content=\"MATRIciel\" \/>\n<meta property=\"article:published_time\" content=\"2020-09-05T06:00:00+00:00\" \/>\n<meta property=\"article:modified_time\" content=\"2020-10-27T16:49:11+00:00\" \/>\n<meta property=\"og:image\" content=\"https:\/\/www.matriciel.be\/wp-content\/uploads\/2020\/09\/15-ans-\u00e0-publier-VLinkedIn.jpg\" \/>\n\t<meta property=\"og:image:width\" content=\"1200\" \/>\n\t<meta property=\"og:image:height\" content=\"800\" \/>\n\t<meta property=\"og:image:type\" content=\"image\/jpeg\" \/>\n<meta name=\"author\" content=\"catherine\" \/>\n<meta name=\"twitter:card\" content=\"summary_large_image\" \/>\n<meta name=\"twitter:label1\" content=\"Geschreven door\" \/>\n\t<meta name=\"twitter:data1\" content=\"catherine\" \/>\n<script type=\"application\/ld+json\" class=\"yoast-schema-graph\">{\"@context\":\"https:\\\/\\\/schema.org\",\"@graph\":[{\"@type\":\"Article\",\"@id\":\"https:\\\/\\\/www.matriciel.be\\\/en\\\/15ans\\\/#article\",\"isPartOf\":{\"@id\":\"https:\\\/\\\/www.matriciel.be\\\/en\\\/15ans\\\/\"},\"author\":{\"name\":\"catherine\",\"@id\":\"https:\\\/\\\/www.matriciel.be\\\/#\\\/schema\\\/person\\\/44a6df2b7f4b9aa38fd89d2a2e3036bf\"},\"headline\":\"Ce 5 septembre 2020, MATRIciel a 15 ans !\",\"datePublished\":\"2020-09-05T06:00:00+00:00\",\"dateModified\":\"2020-10-27T16:49:11+00:00\",\"mainEntityOfPage\":{\"@id\":\"https:\\\/\\\/www.matriciel.be\\\/en\\\/15ans\\\/\"},\"wordCount\":95,\"image\":{\"@id\":\"https:\\\/\\\/www.matriciel.be\\\/en\\\/15ans\\\/#primaryimage\"},\"thumbnailUrl\":\"https:\\\/\\\/www.matriciel.be\\\/wp-content\\\/uploads\\\/2020\\\/09\\\/15-ans-\u00e0-publier-VLinkedIn.jpg\",\"keywords\":[\"Biodiversit\u00e9\",\"BREEAM\",\"Chantier circulaire\",\"Choix des mat\u00e9riaux\",\"Conception durable\",\"Gestion de l'eau\",\"LCA - LCC\",\"Passif\",\"Techniques sp\u00e9ciales\"],\"articleSection\":[\"L'\u00e9quipe\"],\"inLanguage\":\"nl-NL\"},{\"@type\":\"WebPage\",\"@id\":\"https:\\\/\\\/www.matriciel.be\\\/en\\\/15ans\\\/\",\"url\":\"https:\\\/\\\/www.matriciel.be\\\/en\\\/15ans\\\/\",\"name\":\"Ce 5 septembre 2020, MATRIciel a 15 ans ! - MATRIciel\",\"isPartOf\":{\"@id\":\"https:\\\/\\\/www.matriciel.be\\\/#website\"},\"primaryImageOfPage\":{\"@id\":\"https:\\\/\\\/www.matriciel.be\\\/en\\\/15ans\\\/#primaryimage\"},\"image\":{\"@id\":\"https:\\\/\\\/www.matriciel.be\\\/en\\\/15ans\\\/#primaryimage\"},\"thumbnailUrl\":\"https:\\\/\\\/www.matriciel.be\\\/wp-content\\\/uploads\\\/2020\\\/09\\\/15-ans-\u00e0-publier-VLinkedIn.jpg\",\"datePublished\":\"2020-09-05T06:00:00+00:00\",\"dateModified\":\"2020-10-27T16:49:11+00:00\",\"author\":{\"@id\":\"https:\\\/\\\/www.matriciel.be\\\/#\\\/schema\\\/person\\\/44a6df2b7f4b9aa38fd89d2a2e3036bf\"},\"breadcrumb\":{\"@id\":\"https:\\\/\\\/www.matriciel.be\\\/en\\\/15ans\\\/#breadcrumb\"},\"inLanguage\":\"nl-NL\",\"potentialAction\":[{\"@type\":\"ReadAction\",\"target\":[\"https:\\\/\\\/www.matriciel.be\\\/en\\\/15ans\\\/\"]}]},{\"@type\":\"ImageObject\",\"inLanguage\":\"nl-NL\",\"@id\":\"https:\\\/\\\/www.matriciel.be\\\/en\\\/15ans\\\/#primaryimage\",\"url\":\"https:\\\/\\\/www.matriciel.be\\\/wp-content\\\/uploads\\\/2020\\\/09\\\/15-ans-\u00e0-publier-VLinkedIn.jpg\",\"contentUrl\":\"https:\\\/\\\/www.matriciel.be\\\/wp-content\\\/uploads\\\/2020\\\/09\\\/15-ans-\u00e0-publier-VLinkedIn.jpg\",\"width\":1200,\"height\":800,\"caption\":\"5 septembre 2005 - 5 septembre 2020 MATRIciel f\u00eate ses 15 ans !\"},{\"@type\":\"BreadcrumbList\",\"@id\":\"https:\\\/\\\/www.matriciel.be\\\/en\\\/15ans\\\/#breadcrumb\",\"itemListElement\":[{\"@type\":\"ListItem\",\"position\":1,\"name\":\"Accueil\",\"item\":\"https:\\\/\\\/www.matriciel.be\\\/nl\\\/\"},{\"@type\":\"ListItem\",\"position\":2,\"name\":\"Ce 5 septembre 2020, MATRIciel a 15 ans !\"}]},{\"@type\":\"WebSite\",\"@id\":\"https:\\\/\\\/www.matriciel.be\\\/#website\",\"url\":\"https:\\\/\\\/www.matriciel.be\\\/\",\"name\":\"MATRIciel\",\"description\":\"Bureau d&#039;\u00e9tude et de conseil en architecture durable\",\"potentialAction\":[{\"@type\":\"SearchAction\",\"target\":{\"@type\":\"EntryPoint\",\"urlTemplate\":\"https:\\\/\\\/www.matriciel.be\\\/?s={search_term_string}\"},\"query-input\":{\"@type\":\"PropertyValueSpecification\",\"valueRequired\":true,\"valueName\":\"search_term_string\"}}],\"inLanguage\":\"nl-NL\"},{\"@type\":\"Person\",\"@id\":\"https:\\\/\\\/www.matriciel.be\\\/#\\\/schema\\\/person\\\/44a6df2b7f4b9aa38fd89d2a2e3036bf\",\"name\":\"catherine\"}]}<\/script>\n<!-- \/ Yoast SEO plugin. -->","yoast_head_json":{"title":"Ce 5 septembre 2020, MATRIciel a 15 ans ! - MATRIciel","robots":{"index":"index","follow":"follow","max-snippet":"max-snippet:-1","max-image-preview":"max-image-preview:large","max-video-preview":"max-video-preview:-1"},"canonical":"https:\/\/www.matriciel.be\/en\/15ans\/","og_locale":"nl_NL","og_type":"article","og_title":"Ce 5 septembre 2020, MATRIciel a 15 ans ! - MATRIciel","og_description":"15ans de MATRIciel, \u00e9nergie, environnement et techniques sp\u00e9ciales","og_url":"https:\/\/www.matriciel.be\/en\/15ans\/","og_site_name":"MATRIciel","article_published_time":"2020-09-05T06:00:00+00:00","article_modified_time":"2020-10-27T16:49:11+00:00","og_image":[{"width":1200,"height":800,"url":"https:\/\/www.matriciel.be\/wp-content\/uploads\/2020\/09\/15-ans-\u00e0-publier-VLinkedIn.jpg","type":"image\/jpeg"}],"author":"catherine","twitter_card":"summary_large_image","twitter_misc":{"Geschreven door":"catherine"},"schema":{"@context":"https:\/\/schema.org","@graph":[{"@type":"Article","@id":"https:\/\/www.matriciel.be\/en\/15ans\/#article","isPartOf":{"@id":"https:\/\/www.matriciel.be\/en\/15ans\/"},"author":{"name":"catherine","@id":"https:\/\/www.matriciel.be\/#\/schema\/person\/44a6df2b7f4b9aa38fd89d2a2e3036bf"},"headline":"Ce 5 septembre 2020, MATRIciel a 15 ans !","datePublished":"2020-09-05T06:00:00+00:00","dateModified":"2020-10-27T16:49:11+00:00","mainEntityOfPage":{"@id":"https:\/\/www.matriciel.be\/en\/15ans\/"},"wordCount":95,"image":{"@id":"https:\/\/www.matriciel.be\/en\/15ans\/#primaryimage"},"thumbnailUrl":"https:\/\/www.matriciel.be\/wp-content\/uploads\/2020\/09\/15-ans-\u00e0-publier-VLinkedIn.jpg","keywords":["Biodiversit\u00e9","BREEAM","Chantier circulaire","Choix des mat\u00e9riaux","Conception durable","Gestion de l'eau","LCA - LCC","Passif","Techniques sp\u00e9ciales"],"articleSection":["L'\u00e9quipe"],"inLanguage":"nl-NL"},{"@type":"WebPage","@id":"https:\/\/www.matriciel.be\/en\/15ans\/","url":"https:\/\/www.matriciel.be\/en\/15ans\/","name":"Ce 5 septembre 2020, MATRIciel a 15 ans ! - MATRIciel","isPartOf":{"@id":"https:\/\/www.matriciel.be\/#website"},"primaryImageOfPage":{"@id":"https:\/\/www.matriciel.be\/en\/15ans\/#primaryimage"},"image":{"@id":"https:\/\/www.matriciel.be\/en\/15ans\/#primaryimage"},"thumbnailUrl":"https:\/\/www.matriciel.be\/wp-content\/uploads\/2020\/09\/15-ans-\u00e0-publier-VLinkedIn.jpg","datePublished":"2020-09-05T06:00:00+00:00","dateModified":"2020-10-27T16:49:11+00:00","author":{"@id":"https:\/\/www.matriciel.be\/#\/schema\/person\/44a6df2b7f4b9aa38fd89d2a2e3036bf"},"breadcrumb":{"@id":"https:\/\/www.matriciel.be\/en\/15ans\/#breadcrumb"},"inLanguage":"nl-NL","potentialAction":[{"@type":"ReadAction","target":["https:\/\/www.matriciel.be\/en\/15ans\/"]}]},{"@type":"ImageObject","inLanguage":"nl-NL","@id":"https:\/\/www.matriciel.be\/en\/15ans\/#primaryimage","url":"https:\/\/www.matriciel.be\/wp-content\/uploads\/2020\/09\/15-ans-\u00e0-publier-VLinkedIn.jpg","contentUrl":"https:\/\/www.matriciel.be\/wp-content\/uploads\/2020\/09\/15-ans-\u00e0-publier-VLinkedIn.jpg","width":1200,"height":800,"caption":"5 septembre 2005 - 5 septembre 2020 MATRIciel f\u00eate ses 15 ans !"},{"@type":"BreadcrumbList","@id":"https:\/\/www.matriciel.be\/en\/15ans\/#breadcrumb","itemListElement":[{"@type":"ListItem","position":1,"name":"Accueil","item":"https:\/\/www.matriciel.be\/nl\/"},{"@type":"ListItem","position":2,"name":"Ce 5 septembre 2020, MATRIciel a 15 ans !"}]},{"@type":"WebSite","@id":"https:\/\/www.matriciel.be\/#website","url":"https:\/\/www.matriciel.be\/","name":"MATRIciel","description":"Bureau d&#039;\u00e9tude et de conseil en architecture durable","potentialAction":[{"@type":"SearchAction","target":{"@type":"EntryPoint","urlTemplate":"https:\/\/www.matriciel.be\/?s={search_term_string}"},"query-input":{"@type":"PropertyValueSpecification","valueRequired":true,"valueName":"search_term_string"}}],"inLanguage":"nl-NL"},{"@type":"Person","@id":"https:\/\/www.matriciel.be\/#\/schema\/person\/44a6df2b7f4b9aa38fd89d2a2e3036bf","name":"catherine"}]}},"jetpack_featured_media_url":"https:\/\/www.matriciel.be\/wp-content\/uploads\/2020\/09\/15-ans-\u00e0-publier-VLinkedIn.jpg","jetpack_shortlink":"https:\/\/wp.me\/s8HVJL-15ans","jetpack_sharing_enabled":true,"_links":{"self":[{"href":"https:\/\/www.matriciel.be\/nl\/wp-json\/wp\/v2\/posts\/4081","targetHints":{"allow":["GET"]}}],"collection":[{"href":"https:\/\/www.matriciel.be\/nl\/wp-json\/wp\/v2\/posts"}],"about":[{"href":"https:\/\/www.matriciel.be\/nl\/wp-json\/wp\/v2\/types\/post"}],"author":[{"embeddable":true,"href":"https:\/\/www.matriciel.be\/nl\/wp-json\/wp\/v2\/users\/5"}],"replies":[{"embeddable":true,"href":"https:\/\/www.matriciel.be\/nl\/wp-json\/wp\/v2\/comments?post=4081"}],"version-history":[{"count":3,"href":"https:\/\/www.matriciel.be\/nl\/wp-json\/wp\/v2\/posts\/4081\/revisions"}],"predecessor-version":[{"id":4512,"href":"https:\/\/www.matriciel.be\/nl\/wp-json\/wp\/v2\/posts\/4081\/revisions\/4512"}],"wp:featuredmedia":[{"embeddable":true,"href":"https:\/\/www.matriciel.be\/nl\/wp-json\/wp\/v2\/media\/4086"}],"wp:attachment":[{"href":"https:\/\/www.matriciel.be\/nl\/wp-json\/wp\/v2\/media?parent=4081"}],"wp:term":[{"taxonomy":"category","embeddable":true,"href":"https:\/\/www.matriciel.be\/nl\/wp-json\/wp\/v2\/categories?post=4081"},{"taxonomy":"post_tag","embeddable":true,"href":"https:\/\/www.matriciel.be\/nl\/wp-json\/wp\/v2\/tags?post=4081"}],"curies":[{"name":"wp","href":"https:\/\/api.w.org\/{rel}","templated":true}]}}