{"id":6946,"date":"2021-06-28T14:31:26","date_gmt":"2021-06-28T12:31:26","guid":{"rendered":"https:\/\/www.matriciel.be\/?p=6946"},"modified":"2021-06-28T14:34:28","modified_gmt":"2021-06-28T12:34:28","slug":"gsa2021","status":"publish","type":"post","link":"https:\/\/www.matriciel.be\/nl\/gsa2021\/","title":{"rendered":"Un de nos projets est laur\u00e9at des Green Solutions Awards 2021"},"content":{"rendered":"<p>Une fois encore,\u00a0 nous sommes tr\u00e8s fiers d&#8217;apprendre qu&#8217;un de nos projets est laur\u00e9at des Green Solutions Awards.<\/p>\n<p>Il s&#8217;agit du nouveau si\u00e8ge de Thomas &amp; Piron B\u00e2timent \u00e0 Wierde qui a obtenu les prix suivants :<\/p>\n<ul>\n<li>Grand Prix Green Construction<\/li>\n<li>Prix Green Building Energie et climats temp\u00e9r\u00e9s<\/li>\n<li>Prix du public Green Building (vote des professionnels via la plateforme Construction21)<\/li>\n<\/ul>\n<p>Le jury a comment\u00e9 : \u00ab <em>L\u2019exemplarit\u00e9 du projet tient notamment aux performances \u00e9nerg\u00e9tiques incontestables et \u00e0 l\u2019atteinte de la certification BREEAM Excellent. Extr\u00eamement fonctionnel, tr\u00e8s pratique et bien implant\u00e9, ce b\u00e2timent est un exemple pour le secteur du b\u00e2timent tertiaire<\/em> \u00bb.<\/p>\n<p>Le projet est donc qualifi\u00e9 pour la finale internationale qui regroupe les vainqueurs des 10 plateformes nationales et dont la c\u00e9r\u00e9monie se d\u00e9roulera lors de la COP 26 \u00e0 Glasgow.<\/p>\n<p>En savoir plus sur le projet :<\/p>\n<ul>\n<li><a href=\"https:\/\/www.matriciel.be\/projet\/exttpbat\/\" target=\"_blank\" rel=\"noopener\">Fiche MATRIciel<\/a><\/li>\n<li><a href=\"https:\/\/www.construction21.org\/belgique\/case-studies\/h\/nouveau-siege-de-thomas-piron-batiment.html\" target=\"_blank\" rel=\"noopener\">Fiche sur le site de GSA<\/a><\/li>\n<\/ul>\n<p>&nbsp;<\/p>\n<p>&nbsp;<\/p>\n<p>&nbsp;<\/p>\n","protected":false},"excerpt":{"rendered":"<p>Une fois encore,\u00a0 nous sommes tr\u00e8s fiers d&#8217;apprendre qu&#8217;un de nos projets est laur\u00e9at des Green Solutions Awards. Il s&#8217;agit du nouveau si\u00e8ge de Thomas &amp; Piron B\u00e2timent \u00e0 Wierde qui a obtenu les prix suivants : Grand Prix Green Construction Prix Green Building Energie et climats temp\u00e9r\u00e9s Prix du public Green Building (vote des&hellip;<\/p>\n","protected":false},"author":5,"featured_media":6949,"comment_status":"closed","ping_status":"closed","sticky":false,"template":"","format":"standard","meta":{"_jetpack_memberships_contains_paid_content":false,"footnotes":""},"categories":[50],"tags":[256,107,257],"class_list":["post-6946","post","type-post","status-publish","format-standard","has-post-thumbnail","hentry","category-bureaux","tag-breeam-excellent","tag-energie-positive","tag-laureat-gsa","category-50","description-off"],"yoast_head":"<!-- This site is optimized with the Yoast SEO plugin v27.5 - https:\/\/yoast.com\/product\/yoast-seo-wordpress\/ -->\n<title>Un de nos projets est laur\u00e9at des Green Solutions Awards 2021 - MATRIciel<\/title>\n<meta name=\"description\" content=\"Un de nos projets est laur\u00e9at des GSA : le si\u00e8ge de T&amp;P B\u00e2timent a obtenu le Grand Prix Green Construction, le Prix Green Building Energie et climats temp\u00e9r\u00e9s et le Prix du public Green Building\" \/>\n<meta name=\"robots\" content=\"index, follow, max-snippet:-1, max-image-preview:large, max-video-preview:-1\" \/>\n<link rel=\"canonical\" href=\"https:\/\/www.matriciel.be\/nl\/gsa2021\/\" \/>\n<meta property=\"og:locale\" content=\"nl_NL\" \/>\n<meta property=\"og:type\" content=\"article\" \/>\n<meta property=\"og:title\" content=\"Un de nos projets est laur\u00e9at des Green Solutions Awards 2021 - MATRIciel\" \/>\n<meta property=\"og:description\" content=\"Un de nos projets est laur\u00e9at des GSA : le si\u00e8ge de T&amp;P B\u00e2timent a obtenu le Grand Prix Green Construction, le Prix Green Building Energie et climats temp\u00e9r\u00e9s et le Prix du public Green Building\" \/>\n<meta property=\"og:url\" content=\"https:\/\/www.matriciel.be\/nl\/gsa2021\/\" \/>\n<meta property=\"og:site_name\" content=\"MATRIciel\" \/>\n<meta property=\"article:published_time\" content=\"2021-06-28T12:31:26+00:00\" \/>\n<meta property=\"article:modified_time\" content=\"2021-06-28T12:34:28+00:00\" \/>\n<meta property=\"og:image\" content=\"https:\/\/www.matriciel.be\/wp-content\/uploads\/2021\/06\/Photo-ExtBurTPBat-avec-logo-GSA-2021.jpg\" \/>\n\t<meta property=\"og:image:width\" content=\"1078\" \/>\n\t<meta property=\"og:image:height\" content=\"716\" \/>\n\t<meta property=\"og:image:type\" content=\"image\/jpeg\" \/>\n<meta name=\"author\" content=\"catherine\" \/>\n<meta name=\"twitter:card\" content=\"summary_large_image\" \/>\n<meta name=\"twitter:label1\" content=\"Geschreven door\" \/>\n\t<meta name=\"twitter:data1\" content=\"catherine\" \/>\n\t<meta name=\"twitter:label2\" content=\"Geschatte leestijd\" \/>\n\t<meta name=\"twitter:data2\" content=\"1 minuut\" \/>\n<script type=\"application\/ld+json\" class=\"yoast-schema-graph\">{\"@context\":\"https:\\\/\\\/schema.org\",\"@graph\":[{\"@type\":\"Article\",\"@id\":\"https:\\\/\\\/www.matriciel.be\\\/nl\\\/gsa2021\\\/#article\",\"isPartOf\":{\"@id\":\"https:\\\/\\\/www.matriciel.be\\\/nl\\\/gsa2021\\\/\"},\"author\":{\"name\":\"catherine\",\"@id\":\"https:\\\/\\\/www.matriciel.be\\\/#\\\/schema\\\/person\\\/44a6df2b7f4b9aa38fd89d2a2e3036bf\"},\"headline\":\"Un de nos projets est laur\u00e9at des Green Solutions Awards 2021\",\"datePublished\":\"2021-06-28T12:31:26+00:00\",\"dateModified\":\"2021-06-28T12:34:28+00:00\",\"mainEntityOfPage\":{\"@id\":\"https:\\\/\\\/www.matriciel.be\\\/nl\\\/gsa2021\\\/\"},\"wordCount\":170,\"image\":{\"@id\":\"https:\\\/\\\/www.matriciel.be\\\/nl\\\/gsa2021\\\/#primaryimage\"},\"thumbnailUrl\":\"https:\\\/\\\/www.matriciel.be\\\/wp-content\\\/uploads\\\/2021\\\/06\\\/Photo-ExtBurTPBat-avec-logo-GSA-2021.jpg\",\"keywords\":[\"BREEAM \\\"Excellent\\\"\",\"Energie positive\",\"Laur\u00e9at GSA\"],\"articleSection\":[\"Bureaux\"],\"inLanguage\":\"nl-NL\"},{\"@type\":\"WebPage\",\"@id\":\"https:\\\/\\\/www.matriciel.be\\\/nl\\\/gsa2021\\\/\",\"url\":\"https:\\\/\\\/www.matriciel.be\\\/nl\\\/gsa2021\\\/\",\"name\":\"Un de nos projets est laur\u00e9at des Green Solutions Awards 2021 - MATRIciel\",\"isPartOf\":{\"@id\":\"https:\\\/\\\/www.matriciel.be\\\/#website\"},\"primaryImageOfPage\":{\"@id\":\"https:\\\/\\\/www.matriciel.be\\\/nl\\\/gsa2021\\\/#primaryimage\"},\"image\":{\"@id\":\"https:\\\/\\\/www.matriciel.be\\\/nl\\\/gsa2021\\\/#primaryimage\"},\"thumbnailUrl\":\"https:\\\/\\\/www.matriciel.be\\\/wp-content\\\/uploads\\\/2021\\\/06\\\/Photo-ExtBurTPBat-avec-logo-GSA-2021.jpg\",\"datePublished\":\"2021-06-28T12:31:26+00:00\",\"dateModified\":\"2021-06-28T12:34:28+00:00\",\"author\":{\"@id\":\"https:\\\/\\\/www.matriciel.be\\\/#\\\/schema\\\/person\\\/44a6df2b7f4b9aa38fd89d2a2e3036bf\"},\"description\":\"Un de nos projets est laur\u00e9at des GSA : le si\u00e8ge de T&P B\u00e2timent a obtenu le Grand Prix Green Construction, le Prix Green Building Energie et climats temp\u00e9r\u00e9s et le Prix du public Green Building\",\"breadcrumb\":{\"@id\":\"https:\\\/\\\/www.matriciel.be\\\/nl\\\/gsa2021\\\/#breadcrumb\"},\"inLanguage\":\"nl-NL\",\"potentialAction\":[{\"@type\":\"ReadAction\",\"target\":[\"https:\\\/\\\/www.matriciel.be\\\/nl\\\/gsa2021\\\/\"]}]},{\"@type\":\"ImageObject\",\"inLanguage\":\"nl-NL\",\"@id\":\"https:\\\/\\\/www.matriciel.be\\\/nl\\\/gsa2021\\\/#primaryimage\",\"url\":\"https:\\\/\\\/www.matriciel.be\\\/wp-content\\\/uploads\\\/2021\\\/06\\\/Photo-ExtBurTPBat-avec-logo-GSA-2021.jpg\",\"contentUrl\":\"https:\\\/\\\/www.matriciel.be\\\/wp-content\\\/uploads\\\/2021\\\/06\\\/Photo-ExtBurTPBat-avec-logo-GSA-2021.jpg\",\"width\":1078,\"height\":716,\"caption\":\"Laur\u00e9at Green Solutions Awards 2021\"},{\"@type\":\"BreadcrumbList\",\"@id\":\"https:\\\/\\\/www.matriciel.be\\\/nl\\\/gsa2021\\\/#breadcrumb\",\"itemListElement\":[{\"@type\":\"ListItem\",\"position\":1,\"name\":\"Accueil\",\"item\":\"https:\\\/\\\/www.matriciel.be\\\/nl\\\/\"},{\"@type\":\"ListItem\",\"position\":2,\"name\":\"Un de nos projets est laur\u00e9at des Green Solutions Awards 2021\"}]},{\"@type\":\"WebSite\",\"@id\":\"https:\\\/\\\/www.matriciel.be\\\/#website\",\"url\":\"https:\\\/\\\/www.matriciel.be\\\/\",\"name\":\"MATRIciel\",\"description\":\"Bureau d&#039;\u00e9tude et de conseil en architecture durable\",\"potentialAction\":[{\"@type\":\"SearchAction\",\"target\":{\"@type\":\"EntryPoint\",\"urlTemplate\":\"https:\\\/\\\/www.matriciel.be\\\/?s={search_term_string}\"},\"query-input\":{\"@type\":\"PropertyValueSpecification\",\"valueRequired\":true,\"valueName\":\"search_term_string\"}}],\"inLanguage\":\"nl-NL\"},{\"@type\":\"Person\",\"@id\":\"https:\\\/\\\/www.matriciel.be\\\/#\\\/schema\\\/person\\\/44a6df2b7f4b9aa38fd89d2a2e3036bf\",\"name\":\"catherine\"}]}<\/script>\n<!-- \/ Yoast SEO plugin. -->","yoast_head_json":{"title":"Un de nos projets est laur\u00e9at des Green Solutions Awards 2021 - MATRIciel","description":"Un de nos projets est laur\u00e9at des GSA : le si\u00e8ge de T&P B\u00e2timent a obtenu le Grand Prix Green Construction, le Prix Green Building Energie et climats temp\u00e9r\u00e9s et le Prix du public Green Building","robots":{"index":"index","follow":"follow","max-snippet":"max-snippet:-1","max-image-preview":"max-image-preview:large","max-video-preview":"max-video-preview:-1"},"canonical":"https:\/\/www.matriciel.be\/nl\/gsa2021\/","og_locale":"nl_NL","og_type":"article","og_title":"Un de nos projets est laur\u00e9at des Green Solutions Awards 2021 - MATRIciel","og_description":"Un de nos projets est laur\u00e9at des GSA : le si\u00e8ge de T&P B\u00e2timent a obtenu le Grand Prix Green Construction, le Prix Green Building Energie et climats temp\u00e9r\u00e9s et le Prix du public Green Building","og_url":"https:\/\/www.matriciel.be\/nl\/gsa2021\/","og_site_name":"MATRIciel","article_published_time":"2021-06-28T12:31:26+00:00","article_modified_time":"2021-06-28T12:34:28+00:00","og_image":[{"width":1078,"height":716,"url":"https:\/\/www.matriciel.be\/wp-content\/uploads\/2021\/06\/Photo-ExtBurTPBat-avec-logo-GSA-2021.jpg","type":"image\/jpeg"}],"author":"catherine","twitter_card":"summary_large_image","twitter_misc":{"Geschreven door":"catherine","Geschatte leestijd":"1 minuut"},"schema":{"@context":"https:\/\/schema.org","@graph":[{"@type":"Article","@id":"https:\/\/www.matriciel.be\/nl\/gsa2021\/#article","isPartOf":{"@id":"https:\/\/www.matriciel.be\/nl\/gsa2021\/"},"author":{"name":"catherine","@id":"https:\/\/www.matriciel.be\/#\/schema\/person\/44a6df2b7f4b9aa38fd89d2a2e3036bf"},"headline":"Un de nos projets est laur\u00e9at des Green Solutions Awards 2021","datePublished":"2021-06-28T12:31:26+00:00","dateModified":"2021-06-28T12:34:28+00:00","mainEntityOfPage":{"@id":"https:\/\/www.matriciel.be\/nl\/gsa2021\/"},"wordCount":170,"image":{"@id":"https:\/\/www.matriciel.be\/nl\/gsa2021\/#primaryimage"},"thumbnailUrl":"https:\/\/www.matriciel.be\/wp-content\/uploads\/2021\/06\/Photo-ExtBurTPBat-avec-logo-GSA-2021.jpg","keywords":["BREEAM \"Excellent\"","Energie positive","Laur\u00e9at GSA"],"articleSection":["Bureaux"],"inLanguage":"nl-NL"},{"@type":"WebPage","@id":"https:\/\/www.matriciel.be\/nl\/gsa2021\/","url":"https:\/\/www.matriciel.be\/nl\/gsa2021\/","name":"Un de nos projets est laur\u00e9at des Green Solutions Awards 2021 - MATRIciel","isPartOf":{"@id":"https:\/\/www.matriciel.be\/#website"},"primaryImageOfPage":{"@id":"https:\/\/www.matriciel.be\/nl\/gsa2021\/#primaryimage"},"image":{"@id":"https:\/\/www.matriciel.be\/nl\/gsa2021\/#primaryimage"},"thumbnailUrl":"https:\/\/www.matriciel.be\/wp-content\/uploads\/2021\/06\/Photo-ExtBurTPBat-avec-logo-GSA-2021.jpg","datePublished":"2021-06-28T12:31:26+00:00","dateModified":"2021-06-28T12:34:28+00:00","author":{"@id":"https:\/\/www.matriciel.be\/#\/schema\/person\/44a6df2b7f4b9aa38fd89d2a2e3036bf"},"description":"Un de nos projets est laur\u00e9at des GSA : le si\u00e8ge de T&P B\u00e2timent a obtenu le Grand Prix Green Construction, le Prix Green Building Energie et climats temp\u00e9r\u00e9s et le Prix du public Green Building","breadcrumb":{"@id":"https:\/\/www.matriciel.be\/nl\/gsa2021\/#breadcrumb"},"inLanguage":"nl-NL","potentialAction":[{"@type":"ReadAction","target":["https:\/\/www.matriciel.be\/nl\/gsa2021\/"]}]},{"@type":"ImageObject","inLanguage":"nl-NL","@id":"https:\/\/www.matriciel.be\/nl\/gsa2021\/#primaryimage","url":"https:\/\/www.matriciel.be\/wp-content\/uploads\/2021\/06\/Photo-ExtBurTPBat-avec-logo-GSA-2021.jpg","contentUrl":"https:\/\/www.matriciel.be\/wp-content\/uploads\/2021\/06\/Photo-ExtBurTPBat-avec-logo-GSA-2021.jpg","width":1078,"height":716,"caption":"Laur\u00e9at Green Solutions Awards 2021"},{"@type":"BreadcrumbList","@id":"https:\/\/www.matriciel.be\/nl\/gsa2021\/#breadcrumb","itemListElement":[{"@type":"ListItem","position":1,"name":"Accueil","item":"https:\/\/www.matriciel.be\/nl\/"},{"@type":"ListItem","position":2,"name":"Un de nos projets est laur\u00e9at des Green Solutions Awards 2021"}]},{"@type":"WebSite","@id":"https:\/\/www.matriciel.be\/#website","url":"https:\/\/www.matriciel.be\/","name":"MATRIciel","description":"Bureau d&#039;\u00e9tude et de conseil en architecture durable","potentialAction":[{"@type":"SearchAction","target":{"@type":"EntryPoint","urlTemplate":"https:\/\/www.matriciel.be\/?s={search_term_string}"},"query-input":{"@type":"PropertyValueSpecification","valueRequired":true,"valueName":"search_term_string"}}],"inLanguage":"nl-NL"},{"@type":"Person","@id":"https:\/\/www.matriciel.be\/#\/schema\/person\/44a6df2b7f4b9aa38fd89d2a2e3036bf","name":"catherine"}]}},"jetpack_featured_media_url":"https:\/\/www.matriciel.be\/wp-content\/uploads\/2021\/06\/Photo-ExtBurTPBat-avec-logo-GSA-2021.jpg","jetpack_shortlink":"https:\/\/wp.me\/s8HVJL-gsa2021","jetpack_sharing_enabled":true,"_links":{"self":[{"href":"https:\/\/www.matriciel.be\/nl\/wp-json\/wp\/v2\/posts\/6946","targetHints":{"allow":["GET"]}}],"collection":[{"href":"https:\/\/www.matriciel.be\/nl\/wp-json\/wp\/v2\/posts"}],"about":[{"href":"https:\/\/www.matriciel.be\/nl\/wp-json\/wp\/v2\/types\/post"}],"author":[{"embeddable":true,"href":"https:\/\/www.matriciel.be\/nl\/wp-json\/wp\/v2\/users\/5"}],"replies":[{"embeddable":true,"href":"https:\/\/www.matriciel.be\/nl\/wp-json\/wp\/v2\/comments?post=6946"}],"version-history":[{"count":3,"href":"https:\/\/www.matriciel.be\/nl\/wp-json\/wp\/v2\/posts\/6946\/revisions"}],"predecessor-version":[{"id":6976,"href":"https:\/\/www.matriciel.be\/nl\/wp-json\/wp\/v2\/posts\/6946\/revisions\/6976"}],"wp:featuredmedia":[{"embeddable":true,"href":"https:\/\/www.matriciel.be\/nl\/wp-json\/wp\/v2\/media\/6949"}],"wp:attachment":[{"href":"https:\/\/www.matriciel.be\/nl\/wp-json\/wp\/v2\/media?parent=6946"}],"wp:term":[{"taxonomy":"category","embeddable":true,"href":"https:\/\/www.matriciel.be\/nl\/wp-json\/wp\/v2\/categories?post=6946"},{"taxonomy":"post_tag","embeddable":true,"href":"https:\/\/www.matriciel.be\/nl\/wp-json\/wp\/v2\/tags?post=6946"}],"curies":[{"name":"wp","href":"https:\/\/api.w.org\/{rel}","templated":true}]}}